{"id":518246,"date":"2021-11-15T22:40:10","date_gmt":"2021-11-15T21:40:10","guid":{"rendered":"https:\/\/www.albinfo.ch\/?p=518246"},"modified":"2021-11-15T22:22:06","modified_gmt":"2021-11-15T21:22:06","slug":"les-executions-de-sanctions-ont-diminue-de-pres-de-21-en-2020","status":"publish","type":"post","link":"https:\/\/www.albinfo.at\/fr\/les-executions-de-sanctions-ont-diminue-de-pres-de-21-en-2020\/","title":{"rendered":"Les ex\u00e9cutions de sanctions ont diminu\u00e9 de pr\u00e8s de 21% en 2020"},"content":{"rendered":"<div class=\"contentHead\"><\/div>\n<div>\n<div class=\"mod mod-ws_detail\">\n<div class=\"ws_detail-press\">\n<p><b>En 2020, 10 945 peines et mesures ont \u00e9t\u00e9 ex\u00e9cut\u00e9es en Suisse (2019: 13 810). Plus des deux tiers (67%) \u00e9taient des incarc\u00e9rations dans un \u00e9tablissement p\u00e9nitentiaire. Moins d\u2019un tiers (30%) \u00e9taient des prestations de travail d\u2019int\u00e9r\u00eat g\u00e9n\u00e9ral et 3% \u00e9taient des sanctions ex\u00e9cut\u00e9es sous forme de surveillance \u00e9lectronique. 86% des ex\u00e9cutions concernaient des personnes de sexe masculin et 42% des personnes de nationalit\u00e9 suisse. L\u2019effectif moyen en ex\u00e9cution de sanctions dans un \u00e9tablissement p\u00e9nitentiaire a diminu\u00e9 de 6%. Ces chiffres proviennent de la statistique de l\u2019ex\u00e9cution des sanctions de l\u2019Office f\u00e9d\u00e9ral de la statistique (OFS).<br \/>\n<\/b><\/p>\n<p>En 2020, une moyenne de 4983 personnes \u00e9taient en ex\u00e9cution d\u2019une peine ou d\u2019une mesure dans un \u00e9tablissement p\u00e9nitentiaire de Suisse, soit une diminution de 6% par rapport \u00e0 2019. Plus de la moiti\u00e9 (58%) de ces personnes ex\u00e9cutaient une peine privative de libert\u00e9 et 21% une mesure stationnaire.<\/p>\n<p>Parmi les 1029 personnes en ex\u00e9cution de mesure dans un \u00e9tablissement p\u00e9nitentiaire, deux tiers suivaient un traitement des troubles mentaux (au sens de l\u2019art. 59 du Code p\u00e9nal \u2013 CP) et une personne sur six (15%) \u00e9tait intern\u00e9e (au sens de l\u2019art. 64 CP). Les ex\u00e9cutions de mesures dans un \u00e9tablissement p\u00e9nitentiaire concernaient des hommes dans 93% des cas et des personnes \u00e2g\u00e9es de 50 ans ou plus dans 28% des cas.<\/p>\n<p><b>Recul marqu\u00e9 des ex\u00e9cutions en travail d\u2019int\u00e9r\u00eat g\u00e9n\u00e9ral<\/b><\/p>\n<p>En 2020, 3550 peines ont enti\u00e8rement \u00e9t\u00e9 ex\u00e9cut\u00e9es sous forme de travail d\u2019int\u00e9r\u00eat g\u00e9n\u00e9ral, soit une diminution de 17% par rapport \u00e0 2019. Plus des trois quarts de ces ex\u00e9cutions concernaient des hommes et 59% des personnes de nationalit\u00e9 suisse.<\/p>\n<p>360 placements sous surveillance \u00e9lectronique ont enti\u00e8rement \u00e9t\u00e9 ex\u00e9cut\u00e9s en 2020 (2019: 412).<br \/>\nEn moyenne, le nombre de jours pass\u00e9s en ex\u00e9cution de peine sous surveillance \u00e9lectronique \u00e9tait de 99 jours.<\/p>\n<\/div>\n<\/div>\n<\/div>\n","protected":false},"excerpt":{"rendered":"<p>86% des ex\u00e9cutions concernaient des personnes de sexe masculin et 42% des personnes de nationalit\u00e9 suisse<\/p>\n","protected":false},"author":4,"featured_media":288772,"comment_status":"open","ping_status":"open","sticky":false,"template":"","format":"standard","meta":{"footnotes":""},"categories":[1171,1170],"tags":[],"vendi":[],"content_country":[31835,31838,31840],"class_list":["post-518246","post","type-post","status-publish","format-standard","has-post-thumbnail","hentry","category-thematique","category-vivre-en-suisse","content_country-austria-fr","content_country-germany-fr","content_country-zvicer-fr"],"acf":[],"_links":{"self":[{"href":"https:\/\/www.albinfo.at\/fr\/wp-json\/wp\/v2\/posts\/518246","targetHints":{"allow":["GET"]}}],"collection":[{"href":"https:\/\/www.albinfo.at\/fr\/wp-json\/wp\/v2\/posts"}],"about":[{"href":"https:\/\/www.albinfo.at\/fr\/wp-json\/wp\/v2\/types\/post"}],"author":[{"embeddable":true,"href":"https:\/\/www.albinfo.at\/fr\/wp-json\/wp\/v2\/users\/4"}],"replies":[{"embeddable":true,"href":"https:\/\/www.albinfo.at\/fr\/wp-json\/wp\/v2\/comments?post=518246"}],"version-history":[{"count":0,"href":"https:\/\/www.albinfo.at\/fr\/wp-json\/wp\/v2\/posts\/518246\/revisions"}],"wp:featuredmedia":[{"embeddable":true,"href":"https:\/\/www.albinfo.at\/fr\/wp-json\/wp\/v2\/media\/288772"}],"wp:attachment":[{"href":"https:\/\/www.albinfo.at\/fr\/wp-json\/wp\/v2\/media?parent=518246"}],"wp:term":[{"taxonomy":"category","embeddable":true,"href":"https:\/\/www.albinfo.at\/fr\/wp-json\/wp\/v2\/categories?post=518246"},{"taxonomy":"post_tag","embeddable":true,"href":"https:\/\/www.albinfo.at\/fr\/wp-json\/wp\/v2\/tags?post=518246"},{"taxonomy":"vendi","embeddable":true,"href":"https:\/\/www.albinfo.at\/fr\/wp-json\/wp\/v2\/vendi?post=518246"},{"taxonomy":"content_country","embeddable":true,"href":"https:\/\/www.albinfo.at\/fr\/wp-json\/wp\/v2\/content_country?post=518246"}],"curies":[{"name":"wp","href":"https:\/\/api.w.org\/{rel}","templated":true}]}}