{"id":516053,"date":"2021-11-09T17:30:16","date_gmt":"2021-11-09T16:30:16","guid":{"rendered":"https:\/\/www.albinfo.ch\/?p=516053"},"modified":"2021-11-09T17:06:13","modified_gmt":"2021-11-09T16:06:13","slug":"congres-national-sur-la-violence-vers-une-meilleure-protection-des-victimes","status":"publish","type":"post","link":"https:\/\/www.albinfo.at\/fr\/congres-national-sur-la-violence-vers-une-meilleure-protection-des-victimes\/","title":{"rendered":"Congr\u00e8s national sur la violence : vers une meilleure protection des victimes"},"content":{"rendered":"<div class=\"contentHead\"><\/div>\n<div class=\"mod mod-nsbnewsdetails\">\n<p><strong>\u00a0Plusieurs adaptations l\u00e9gislatives r\u00e9centes permettent d\u2019am\u00e9liorer la protection des personnes victimes de violence. Aujourd\u2019hui, en pr\u00e9sence de la conseill\u00e8re f\u00e9d\u00e9rale Karin Keller-Sutter, plus de 340 sp\u00e9cialistes se r\u00e9unissent \u00e0 Berne dans le cadre du congr\u00e8s national sur la violence, pour \u00e9changer leurs points de vue sur les changements en cours dans le droit p\u00e9nal et le droit civil. Un accent est notamment mis sur la th\u00e9matique des enfants touch\u00e9s par la violence. Autres sujets cl\u00e9s du congr\u00e8s : la surveillance \u00e9lectronique et les programmes de pr\u00e9vention destin\u00e9s aux personnes ayant recours \u00e0 la violence.<\/strong><\/p>\n<p>Plusieurs nouvelles dispositions l\u00e9gales offrent une meilleure protection contre la violence domestique et le harc\u00e8lement obsessionnel. Le congr\u00e8s de ce jour mettra en \u00e9vidence le changement de pratique en cours dans diff\u00e9rents cantons, \u00e0 savoir la possibilit\u00e9 de suspendre la proc\u00e9dure p\u00e9nale et d\u2019ordonner un programme de pr\u00e9vention de la violence, et son potentiel. Ces mesures trouvent leur origine dans la r\u00e9vision de l\u2019art. 55<i>a<\/i>\u00a0du code p\u00e9nal, qui accro\u00eet la marge d\u2019appr\u00e9ciation des autorit\u00e9s de poursuite p\u00e9nale et qui est entr\u00e9e en vigueur le 1er\u00a0juillet 2020.<\/p>\n<p>Ce congr\u00e8s est aussi l\u2019occasion de pr\u00e9senter un nouveau guide concernant les arrangements des contacts parents\/enfants victimes de violence domestique, qui indique aux juges et \u00e0 d\u2019autres sp\u00e9cialistes comment il est possible de prendre des d\u00e9cisions qui soient dans l\u2019int\u00e9r\u00eat de l\u2019enfant.<\/p>\n<p>Autre sujet au programme\u00a0: les possibilit\u00e9s et les limites de la surveillance \u00e9lectronique. Les victimes de violence domestique et de harc\u00e8lement obsessionnel seront en effet mieux prot\u00e9g\u00e9es gr\u00e2ce \u00e0 une nouvelle mesure, la surveillance \u00e9lectronique du respect d\u2019une interdiction g\u00e9ographique ou d\u2019une interdiction de contact. D\u00e8s le 1er\u00a0janvier 2022, elle permettra aux juges d\u2019ordonner une surveillance \u00e9lectronique au moyen d\u2019un bracelet \u00e9lectronique au poignet ou \u00e0 la cheville.<\/p>\n<p>En 2020, la police a enregistr\u00e9 plus de 46\u00a0000\u00a0infractions de violence en Suisse, dont, pour la premi\u00e8re fois, plus de 20\u00a0000\u00a0commises dans la sph\u00e8re domestique. En moyenne, une personne meurt toutes les deux semaines des suites d\u2019une telle agression, soit 25\u00a0personnes par an en moyenne, dont 4\u00a0enfants. En outre, 27\u00a0000\u00a0enfants et adolescents sont touch\u00e9s par la violence domestique chaque ann\u00e9e.<\/p>\n<p>Le congr\u00e8s national est organis\u00e9 par le Bureau f\u00e9d\u00e9ral de l\u2019\u00e9galit\u00e9 entre femmes et hommes (BFEG) en collaboration avec l\u2019Office f\u00e9d\u00e9ral de la justice (OFJ) et la Conf\u00e9rence des directrices et directeurs des d\u00e9partements cantonaux de justice et police (CCDJP). Plus de 340\u00a0experts de toute la Suisse y participent, \u00e9manant notamment de la police, des minist\u00e8res publics, des tribunaux, des autorit\u00e9s de protection de l\u2019enfant et de l\u2019adulte, des centres d\u2019aide aux victimes, des foyers pour femmes, des programmes de pr\u00e9vention et des services de consultation pour les personnes ayant recours \u00e0 la violence.<\/p>\n<\/div>\n","protected":false},"excerpt":{"rendered":"<p>En 2020, la police a enregistr\u00e9 plus de 46\u00a0000\u00a0infractions de violence en Suisse, dont, pour la premi\u00e8re fois, plus de 20\u00a0000\u00a0commises dans la sph\u00e8re domestique<\/p>\n","protected":false},"author":4,"featured_media":387238,"comment_status":"open","ping_status":"open","sticky":false,"template":"","format":"standard","meta":{"footnotes":""},"categories":[1171,1170],"tags":[],"vendi":[],"content_country":[31835,31838,31840],"class_list":["post-516053","post","type-post","status-publish","format-standard","has-post-thumbnail","hentry","category-thematique","category-vivre-en-suisse","content_country-austria-fr","content_country-germany-fr","content_country-zvicer-fr"],"acf":[],"_links":{"self":[{"href":"https:\/\/www.albinfo.at\/fr\/wp-json\/wp\/v2\/posts\/516053","targetHints":{"allow":["GET"]}}],"collection":[{"href":"https:\/\/www.albinfo.at\/fr\/wp-json\/wp\/v2\/posts"}],"about":[{"href":"https:\/\/www.albinfo.at\/fr\/wp-json\/wp\/v2\/types\/post"}],"author":[{"embeddable":true,"href":"https:\/\/www.albinfo.at\/fr\/wp-json\/wp\/v2\/users\/4"}],"replies":[{"embeddable":true,"href":"https:\/\/www.albinfo.at\/fr\/wp-json\/wp\/v2\/comments?post=516053"}],"version-history":[{"count":0,"href":"https:\/\/www.albinfo.at\/fr\/wp-json\/wp\/v2\/posts\/516053\/revisions"}],"wp:featuredmedia":[{"embeddable":true,"href":"https:\/\/www.albinfo.at\/fr\/wp-json\/wp\/v2\/media\/387238"}],"wp:attachment":[{"href":"https:\/\/www.albinfo.at\/fr\/wp-json\/wp\/v2\/media?parent=516053"}],"wp:term":[{"taxonomy":"category","embeddable":true,"href":"https:\/\/www.albinfo.at\/fr\/wp-json\/wp\/v2\/categories?post=516053"},{"taxonomy":"post_tag","embeddable":true,"href":"https:\/\/www.albinfo.at\/fr\/wp-json\/wp\/v2\/tags?post=516053"},{"taxonomy":"vendi","embeddable":true,"href":"https:\/\/www.albinfo.at\/fr\/wp-json\/wp\/v2\/vendi?post=516053"},{"taxonomy":"content_country","embeddable":true,"href":"https:\/\/www.albinfo.at\/fr\/wp-json\/wp\/v2\/content_country?post=516053"}],"curies":[{"name":"wp","href":"https:\/\/api.w.org\/{rel}","templated":true}]}}