{"id":512592,"date":"2021-10-26T23:18:53","date_gmt":"2021-10-26T21:18:53","guid":{"rendered":"https:\/\/www.albinfo.ch\/?p=512592"},"modified":"2021-10-26T23:18:53","modified_gmt":"2021-10-26T21:18:53","slug":"karin-keller-sutter-assure-la-bosnie-et-herzegovine-de-la-poursuite-du-soutien-de-la-suisse","status":"publish","type":"post","link":"https:\/\/www.albinfo.at\/fr\/karin-keller-sutter-assure-la-bosnie-et-herzegovine-de-la-poursuite-du-soutien-de-la-suisse\/","title":{"rendered":"Karin Keller-Sutter assure la Bosnie et Herz\u00e9govine de la poursuite du soutien de la Suisse"},"content":{"rendered":"<div class=\"contentHead\"><\/div>\n<div class=\"mod mod-nsbnewsdetails\">\n<p><strong>La conseill\u00e8re f\u00e9d\u00e9rale Karin Keller-Sutter \u00e9tait en Bosnie et Herz\u00e9govine les 20 et 21 octobre 2021 pour une visite de travail officielle. \u00c0 Sarajevo, la cheffe du D\u00e9partement f\u00e9d\u00e9ral de justice et police (DFJP) s\u2019est entretenue avec le ministre de la s\u00e9curit\u00e9 Selmo Cikoti\u0107 et avec le ministre charg\u00e9 des questions de migrations Milo\u0161 Lu\u010di\u0107. Elle a en outre visit\u00e9 un centre pour migrants dans les environs de la capitale, avant de s\u2019envoler pour la Gr\u00e8ce, o\u00f9 sont \u00e9galement pr\u00e9vues des rencontres avec des homologues et la visite d\u2019infrastructures d\u2019accueil.<\/strong><\/p>\n<p>La Suisse et la Bosnie et Herz\u00e9govine sont li\u00e9es depuis 2009 par un partenariat migratoire. Il s\u2019agit du plus ancien partenariat de ce type conclu par la Suisse. La conseill\u00e8re f\u00e9d\u00e9rale Karin Keller-Sutter a tenu \u00e0 relever l\u2019importance de cette coop\u00e9ration et la volont\u00e9 de la Suisse de la poursuivre, rappelant que seule une approche partenariale permet de ma\u00eetriser les d\u00e9fis li\u00e9s aux migrations. La cheffe du DFJP a assur\u00e9 la Bosnie et Herz\u00e9govine de la poursuite du soutien de la Suisse, en particulier pour la gestion des flux migratoires, le contr\u00f4le des fronti\u00e8res, les retours et l\u2019am\u00e9lioration du syst\u00e8me d\u2019information sur les migrations.<\/p>\n<h3>Point sensible sur la route migratoire<\/h3>\n<p>Avec l\u2019essor de la route migratoire des Balkans occidentaux, la Bosnie et Herz\u00e9govine est devenue un des points sensibles en Europe : quelque 66 000 migrants ont franchi la fronti\u00e8re bosnienne depuis 2018, m\u00eame si la majorit\u00e9 d\u2019entre eux poursuivent leur route et ne font que transiter par le pays. Devant les m\u00e9dias locaux, Madame Keller-Sutter a soulign\u00e9 le r\u00f4le majeur de la Bosnie et Herz\u00e9govine dans la lutte contre la migration irr\u00e9guli\u00e8re et exprim\u00e9 la grande appr\u00e9ciation de la Suisse pour le travail fourni par les autorit\u00e9s bosniennes dans ce domaine.<\/p>\n<p>La Bosnie et Herz\u00e9govine reste toutefois fortement tributaire du soutien international, pour la gestion des fronti\u00e8res comme pour l\u2019h\u00e9bergement et l\u2019int\u00e9gration des migrants. De fait, il est aussi dans l\u2019int\u00e9r\u00eat de l\u2019UE et de la Suisse que la Bosnie et Herz\u00e9govine poss\u00e8de un syst\u00e8me de l\u2019asile op\u00e9rant. Depuis 2017, la Suisse a soutenu diff\u00e9rents projets dans le cadre du partenariat migratoire pour un total de pr\u00e8s de 6,8 millions de francs. Elle a notamment allou\u00e9 une contribution pour la gestion du centre provisoire d\u2019accueil de Lipa, o\u00f9 sont h\u00e9berg\u00e9s quelque 900 migrants.<\/p>\n<h3>Poursuite du soutien de la Suisse<\/h3>\n<p>Durant leurs rencontres, la cheffe du DFJP a assur\u00e9 le ministre de la s\u00e9curit\u00e9 Selmo Cikoti\u0107 et le ministre charg\u00e9 des questions migratoires de la poursuite de ce soutien, qui concernera en particulier le raccordement au r\u00e9seau \u00e9lectrique du nouveau centre de Lipa, d\u2019une capacit\u00e9 de 1500 places, et la prise en charge des co\u00fbts administratifs. Cette aide sera d\u00e9terminante pour pr\u00e9venir une crise comme celle de l\u2019hiver 2020\/2021. Comme l\u2019a d\u00e9clar\u00e9 Madame Keller-Sutter, avec l\u2019arriv\u00e9e prochaine de l\u2019hiver il est important que les gens puissent se chauffer. Un nouveau projet vise par ailleurs \u00e0 am\u00e9liorer le syst\u00e8me d\u2019information sur les migrations, de mani\u00e8re \u00e0 pouvoir g\u00e9rer plus efficacement les flux l\u00e9gaux et ill\u00e9gaux de migrants.<\/p>\n<p>\u00c0 l\u2019issue de ces entretiens bilat\u00e9raux, la conseill\u00e8re f\u00e9d\u00e9rale s\u2019est rendue dans le centre pour migrants d\u2019U\u0161ivak, dans les environs de Sarajevo. Destin\u00e9 \u00e0 l\u2019h\u00e9bergement de familles, de mineurs non accompagn\u00e9s et d\u2019autres groupes vuln\u00e9rables, il a une capacit\u00e9 d\u2019environ 800 lits. Le Corps suisse d\u2019aide humanitaire a apport\u00e9 son soutien au centre dans la lutte contre la pand\u00e9mie et la prise en charge m\u00e9dicale de base. Par cette visite de travail \u00e0 Sarajevo, la cheffe du DFJP a salu\u00e9 l\u2019engagement des autorit\u00e9s bosniennes dans la ma\u00eetrise des d\u00e9fis migratoires.<\/p>\n<h3>Visite de travail officielle en Gr\u00e8ce<\/h3>\n<p>Madame Keller-Sutter s\u2019est ensuite envol\u00e9e pour la Gr\u00e8ce. Au programme de cet apr\u00e8s-midi du 21 octobre 2021 \u00e0 Ath\u00e8nes figure la visite d\u2019un \u00e9tablissement accueillant des jeunes filles migrantes non accompagn\u00e9es, construit avec le soutien du Secr\u00e9tariat d\u2019\u00c9tat aux migrations. Le 22 octobre, des rencontres sont pr\u00e9vues avec le ministre de l\u2019asile et des migrations Notis Mitarachi et avec le ministre responsable de la protection des citoyens Takis Theodorikakos. La cheffe du DFJP conclura son voyage en Gr\u00e8ce par un d\u00e9placement sur l\u2019\u00eele de Lesbos, o\u00f9 elle pourra se faire une image des conditions d\u2019accueil sur le site de Mavrovouni.<\/p>\n<\/div>\n","protected":false},"excerpt":{"rendered":"<p>La conseill\u00e8re f\u00e9d\u00e9rale Karin Keller-Sutter \u00e9tait en Bosnie et Herz\u00e9govine les 20 et 21 octobre 2021 pour une visite de travail officielle. \u00c0 Sarajevo, la cheffe du D\u00e9partement f\u00e9d\u00e9ral de justice et police (DFJP) s\u2019est entretenue avec le ministre de la s\u00e9curit\u00e9 Selmo Cikoti\u0107 et avec le ministre charg\u00e9 des questions de migrations Milo\u0161 Lu\u010di\u0107. [&hellip;]<\/p>\n","protected":false},"author":4,"featured_media":347347,"comment_status":"open","ping_status":"open","sticky":false,"template":"","format":"standard","meta":{"footnotes":""},"categories":[1171,1170],"tags":[],"vendi":[],"content_country":[31835,31838,31840],"class_list":["post-512592","post","type-post","status-publish","format-standard","has-post-thumbnail","hentry","category-thematique","category-vivre-en-suisse","content_country-austria-fr","content_country-germany-fr","content_country-zvicer-fr"],"acf":[],"_links":{"self":[{"href":"https:\/\/www.albinfo.at\/fr\/wp-json\/wp\/v2\/posts\/512592","targetHints":{"allow":["GET"]}}],"collection":[{"href":"https:\/\/www.albinfo.at\/fr\/wp-json\/wp\/v2\/posts"}],"about":[{"href":"https:\/\/www.albinfo.at\/fr\/wp-json\/wp\/v2\/types\/post"}],"author":[{"embeddable":true,"href":"https:\/\/www.albinfo.at\/fr\/wp-json\/wp\/v2\/users\/4"}],"replies":[{"embeddable":true,"href":"https:\/\/www.albinfo.at\/fr\/wp-json\/wp\/v2\/comments?post=512592"}],"version-history":[{"count":0,"href":"https:\/\/www.albinfo.at\/fr\/wp-json\/wp\/v2\/posts\/512592\/revisions"}],"wp:featuredmedia":[{"embeddable":true,"href":"https:\/\/www.albinfo.at\/fr\/wp-json\/wp\/v2\/media\/347347"}],"wp:attachment":[{"href":"https:\/\/www.albinfo.at\/fr\/wp-json\/wp\/v2\/media?parent=512592"}],"wp:term":[{"taxonomy":"category","embeddable":true,"href":"https:\/\/www.albinfo.at\/fr\/wp-json\/wp\/v2\/categories?post=512592"},{"taxonomy":"post_tag","embeddable":true,"href":"https:\/\/www.albinfo.at\/fr\/wp-json\/wp\/v2\/tags?post=512592"},{"taxonomy":"vendi","embeddable":true,"href":"https:\/\/www.albinfo.at\/fr\/wp-json\/wp\/v2\/vendi?post=512592"},{"taxonomy":"content_country","embeddable":true,"href":"https:\/\/www.albinfo.at\/fr\/wp-json\/wp\/v2\/content_country?post=512592"}],"curies":[{"name":"wp","href":"https:\/\/api.w.org\/{rel}","templated":true}]}}