{"id":510999,"date":"2021-10-20T00:53:11","date_gmt":"2021-10-19T22:53:11","guid":{"rendered":"https:\/\/www.albinfo.ch\/?p=510999"},"modified":"2021-10-20T00:53:11","modified_gmt":"2021-10-19T22:53:11","slug":"karin-keller-sutter-consolide-la-cooperation-migratoire-avec-la-bosnie-et-herzegovine-et-la-grece","status":"publish","type":"post","link":"https:\/\/www.albinfo.at\/fr\/karin-keller-sutter-consolide-la-cooperation-migratoire-avec-la-bosnie-et-herzegovine-et-la-grece\/","title":{"rendered":"Karin Keller-Sutter consolide la coop\u00e9ration migratoire avec la Bosnie et Herz\u00e9govine et la Gr\u00e8ce"},"content":{"rendered":"<div class=\"contentHead\"><\/div>\n<div class=\"mod mod-nsbnewsdetails\">\n<p><strong>Du 20 au 22 octobre, la conseill\u00e8re f\u00e9d\u00e9rale Karin Keller-Sutter se rendra en Bosnie et Herz\u00e9govine et en Gr\u00e8ce, deux \u00c9tats soumis \u00e0 des d\u00e9fis persistants en mati\u00e8re de migrations en raison de leur position \u00e0 la fronti\u00e8re ext\u00e9rieure de l\u2019UE, \u00e0 l\u2019ext\u00e9rieur pour l\u2019un et \u00e0 l\u2019int\u00e9rieur pour l\u2019autre. Par ces visites de travail, la cheffe du D\u00e9partement f\u00e9d\u00e9ral de justice et police (DFJP) entend r\u00e9affirmer l\u2019engagement de la Suisse dans la gestion des flux migratoires. Cette question sera notamment au c\u0153ur des entretiens bilat\u00e9raux pr\u00e9vus avec des homologues des deux pays. Ce voyage sera aussi l\u2019occasion pour la conseill\u00e8re f\u00e9d\u00e9rale de visiter des projets d\u2019aide soutenus par la Suisse.<\/strong><\/p>\n<p>Sur la route dite des Balkans occidentaux, la Bosnie et Herz\u00e9govine est de plus en plus un \u00c9tat de transit en direction de l\u2019Europe de l\u2019ouest. Le pays est fortement tributaire d\u2019un soutien international, en particulier pour mettre \u00e0 disposition des h\u00e9bergements et fournir des soins de sant\u00e9 \u00e0 des milliers de migrants qui ne remplissent pas les conditions d\u2019entr\u00e9e dans l\u2019UE.<\/p>\n<h3>R\u00e9affirmer l\u2019engagement de la Suisse<\/h3>\n<p>La Suisse et la Bosnie et Herz\u00e9govine ont conclu en 2009, un partenariat migratoire. Depuis 2017, la Suisse a allou\u00e9 pr\u00e8s de 6,8 millions de francs \u00e0 plusieurs projets ayant trait aux migrations en Bosnie et Herz\u00e9govine. Durant sa visite, Madame Keller-Sutter se rendra dans un centre pour migrants dans les environs de Sarajevo. Soutenue par le Corps suisse d\u2019aide humanitaire, cette infrastructure accueille des familles et des mineurs non accompagn\u00e9s, ainsi que d\u2019autres groupes vuln\u00e9rables.<\/p>\n<p>Le partenariat migratoire et l\u2019engagement de la Suisse en Bosnie et Herz\u00e9govine seront aussi au c\u0153ur des rencontres minist\u00e9rielles pr\u00e9vues. \u00c0 Sarajevo, la cheffe du DFJP s\u2019entretiendra avec le ministre de la s\u00e9curit\u00e9 Selmo Cikoti\u0107 et avec le ministre charg\u00e9 des questions de migrations Milo\u0161 Lu\u010di\u0107.<\/p>\n<h3>D\u00e9fis persistants pour le syst\u00e8me grec de l\u2019asile et des migrations<\/h3>\n<p>La Gr\u00e8ce aussi est un partenaire important de la Suisse en mati\u00e8re de coop\u00e9ration migratoire. Des r\u00e9formes et l\u2019aide internationale, \u00e0 laquelle a \u00e9galement particip\u00e9 la Suisse, ont permis au pays de renforcer ses structures d\u2019asile et d\u2019accueil et d\u2019am\u00e9liorer les conditions, pr\u00e9caires, de prise en charge sur les \u00eeles de la mer \u00c9g\u00e9e.<\/p>\n<p>Les rencontres avec le ministre de l\u2019asile et des migrations Notis Mitarachi et avec le ministre responsable de la protection des citoyens Takis Theodorikakos seront l\u2019occasion d\u2019aborder l\u2019avenir de la coop\u00e9ration, notamment dans le cadre de la deuxi\u00e8me contribution suisse en mati\u00e8re de migrations. La cheffe du DFJP discutera aussi avec ses homologues grecs des d\u00e9fis auxquels reste soumis le syst\u00e8me grec de l\u2019asile et de la n\u00e9cessaire r\u00e9forme du r\u00e9gime europ\u00e9en de l\u2019asile et des migrations.<\/p>\n<p>Madame Keller-Sutter visitera \u00e9galement \u00e0 Ath\u00e8nes un \u00e9tablissement accueillant des jeunes filles mineures non accompagn\u00e9es dont le Secr\u00e9tariat d\u2019\u00c9tat aux migrations a soutenu financi\u00e8rement la construction. Depuis 2014, la Suisse a consacr\u00e9 une douzaine de millions de francs au renforcement des structures d\u2019asile et d\u2019accueil en Gr\u00e8ce. La cheffe du DFJP conclura son voyage par une visite du site de Mavrovouni, sur l\u2019\u00eele de Lesbos. La Suisse y a achemin\u00e9 de l\u2019aide humanitaire sous forme de mat\u00e9riel pour l\u2019alimentation en eau potable, de fournitures m\u00e9dicales pour lutter contre la pand\u00e9mie et d\u2019autres biens.<\/p>\n<\/div>\n","protected":false},"excerpt":{"rendered":"<p>Par ces visites de travail, la cheffe du D\u00e9partement f\u00e9d\u00e9ral de justice et police (DFJP) entend r\u00e9affirmer l\u2019engagement de la Suisse dans la gestion des flux migratoires<\/p>\n","protected":false},"author":4,"featured_media":419512,"comment_status":"open","ping_status":"open","sticky":false,"template":"","format":"standard","meta":{"footnotes":""},"categories":[1171,1170],"tags":[],"vendi":[],"content_country":[31835,31838,31840],"class_list":["post-510999","post","type-post","status-publish","format-standard","has-post-thumbnail","hentry","category-thematique","category-vivre-en-suisse","content_country-austria-fr","content_country-germany-fr","content_country-zvicer-fr"],"acf":[],"_links":{"self":[{"href":"https:\/\/www.albinfo.at\/fr\/wp-json\/wp\/v2\/posts\/510999","targetHints":{"allow":["GET"]}}],"collection":[{"href":"https:\/\/www.albinfo.at\/fr\/wp-json\/wp\/v2\/posts"}],"about":[{"href":"https:\/\/www.albinfo.at\/fr\/wp-json\/wp\/v2\/types\/post"}],"author":[{"embeddable":true,"href":"https:\/\/www.albinfo.at\/fr\/wp-json\/wp\/v2\/users\/4"}],"replies":[{"embeddable":true,"href":"https:\/\/www.albinfo.at\/fr\/wp-json\/wp\/v2\/comments?post=510999"}],"version-history":[{"count":0,"href":"https:\/\/www.albinfo.at\/fr\/wp-json\/wp\/v2\/posts\/510999\/revisions"}],"wp:featuredmedia":[{"embeddable":true,"href":"https:\/\/www.albinfo.at\/fr\/wp-json\/wp\/v2\/media\/419512"}],"wp:attachment":[{"href":"https:\/\/www.albinfo.at\/fr\/wp-json\/wp\/v2\/media?parent=510999"}],"wp:term":[{"taxonomy":"category","embeddable":true,"href":"https:\/\/www.albinfo.at\/fr\/wp-json\/wp\/v2\/categories?post=510999"},{"taxonomy":"post_tag","embeddable":true,"href":"https:\/\/www.albinfo.at\/fr\/wp-json\/wp\/v2\/tags?post=510999"},{"taxonomy":"vendi","embeddable":true,"href":"https:\/\/www.albinfo.at\/fr\/wp-json\/wp\/v2\/vendi?post=510999"},{"taxonomy":"content_country","embeddable":true,"href":"https:\/\/www.albinfo.at\/fr\/wp-json\/wp\/v2\/content_country?post=510999"}],"curies":[{"name":"wp","href":"https:\/\/api.w.org\/{rel}","templated":true}]}}