{"id":510993,"date":"2021-10-20T12:28:29","date_gmt":"2021-10-20T10:28:29","guid":{"rendered":"https:\/\/www.albinfo.ch\/?p=510993"},"modified":"2021-10-20T21:58:58","modified_gmt":"2021-10-20T19:58:58","slug":"une-experience-touristique-differente-a-peja","status":"publish","type":"post","link":"https:\/\/www.albinfo.at\/fr\/une-experience-touristique-differente-a-peja\/","title":{"rendered":"Une exp\u00e9rience touristique diff\u00e9rente \u00e0 Peja"},"content":{"rendered":"<p>Faites connaissance avec Wander Adventures, un voyagiste au Kosovo qui propose des exp\u00e9riences et des activit\u00e9s de plein air toute l&#8217;ann\u00e9e. Les offres touristiques de cette entreprise sont vari\u00e9es et pleines d&#8217;adr\u00e9naline. Wander Adventures offre quasiment tout: des promenades dans les \u201cmontagnes maudites\u201d, des promenades quotidiennes \u00e0 travers le Kosovo en 4&#215;4 pour d\u00e9couvrir la nature sauvage par des excursions hivernales au Kosovo et en Mac\u00e9doine du Nord en passant par les stations de ski ou les aventures sur la Riviera albanaise.<\/p>\n<p>Wander Adventures est pr\u00e9sent sur le march\u00e9 du Kosovo depuis 2017. Un groupe d&#8217;amateurs d&#8217;activit\u00e9s de plein air, tous originaires de Peja, s\u2019est organis\u00e9 pour offrir des exp\u00e9riences touristiques aux groupes de touristes internationaux et un soutien logistique aux diff\u00e9rentes organisations de la soci\u00e9t\u00e9 civile au Kosovo.<\/p>\n<p>Depuis, ils sont devenus l&#8217;un des voyagistes les plus actifs du pays, ax\u00e9 sur de nouvelles fa\u00e7ons de d\u00e9velopper l&#8217;\u00e9conomie locale \u00e0 travers des activit\u00e9s durables et respectueuses de l&#8217;environnement.<\/p>\n<p>En plus des circuits organis\u00e9s, Wander Adventures a \u00e9tendu son activit\u00e9 au point o\u00f9 ils vendent et louent du mat\u00e9riel pour les activit\u00e9s hivernales, dont le ski de randonn\u00e9e (marche sur neige) qu&#8217;ils proposent eux-m\u00eames, et organisent \u00e9galement des stages de parapente et de ski dans la r\u00e9gion de Peja.<\/p>\n<figure id=\"attachment_510973\" aria-describedby=\"caption-attachment-510973\" style=\"width: 533px\" class=\"wp-caption alignnone\"><a href=\"https:\/\/www.albinfo.ch\/wp-content\/uploads\/2021\/10\/20190210_120902.jpg\"><img loading=\"lazy\" decoding=\"async\" class=\"wp-image-510973\" src=\"https:\/\/www.albinfo.ch\/wp-content\/uploads\/2021\/10\/20190210_120902.jpg\" alt=\"\" width=\"533\" height=\"400\" \/><\/a><figcaption id=\"caption-attachment-510973\" class=\"wp-caption-text\">Wander Adventures<\/figcaption><\/figure>\n<p>Toutes les visites et activit\u00e9s sont guid\u00e9es par des guides professionnels et certifi\u00e9s. &#8220;En raison de la nature de nos activit\u00e9s, nous sommes stricts dans la prise des mesures de s\u00e9curit\u00e9 et des interventions n\u00e9cessaires&#8221;, explique Bardhosh Morina de Wander Adventures.<\/p>\n<p>&#8220;L&#8217;un des itin\u00e9raires les plus populaires que nous proposons est le ski de randonn\u00e9e dans la nature, o\u00f9 nous faisons d\u00e9couvrir le plus grand potentiel de notre r\u00e9gion, des hautes montagnes avec des plateaux ouverts, des conditions d&#8217;enneigement parfaites et des auberges \u00e0 l&#8217;architecture traditionnelle&#8221;, explique Bardhosh. &#8220;Cette exp\u00e9rience d&#8217;aventure inclut l&#8217;itin\u00e9raire&#8221; Balkan Peaks &#8220;et le chemin entre le Kosovo et le Mont\u00e9n\u00e9gro, o\u00f9 nous faisons les montagnes Sharr dans la partie sud du Kosovo.&#8221;<\/p>\n<p>Selon Bardhosh, les touristes aiment beaucoup les particularit\u00e9s de nos montagnes et la culture du pays.<\/p>\n<figure id=\"attachment_510976\" aria-describedby=\"caption-attachment-510976\" style=\"width: 533px\" class=\"wp-caption alignnone\"><a href=\"https:\/\/www.albinfo.ch\/wp-content\/uploads\/2021\/10\/20210125_112943.jpg\"><img loading=\"lazy\" decoding=\"async\" class=\"wp-image-510976\" src=\"https:\/\/www.albinfo.ch\/wp-content\/uploads\/2021\/10\/20210125_112943.jpg\" alt=\"\" width=\"533\" height=\"400\" \/><\/a><figcaption id=\"caption-attachment-510976\" class=\"wp-caption-text\">Wander Adventures<\/figcaption><\/figure>\n<p>Wander Adventures collabore \u00e9galement avec la municipalit\u00e9 de Peja et l&#8217;Agence suisse pour le d\u00e9veloppement et la coop\u00e9ration par le biais du projet Promotion de l&#8217;emploi dans le secteur priv\u00e9. Dans le cadre de cette coop\u00e9ration, l&#8217;entreprise s&#8217;est engag\u00e9e \u00e0 augmenter les capacit\u00e9s d&#8217;h\u00e9bergement \u00e0 Peja et \u00e0 fournir du camping. Ainsi, dans le cadre de la coop\u00e9ration, ils ont construit une auberge d&#8217;une capacit\u00e9 de 37 lits dans 16 tentes de camping.<\/p>\n<p>\u00ab Il s&#8217;agit d&#8217;un nouveau produit touristique commercial que nous proposons aux visiteurs locaux, de la diaspora et aux touristes internationaux \u00bb, explique Bardhoshi. En plus de ce produit, l&#8217;entreprise est intensivement engag\u00e9e dans sa promotion et celle de la r\u00e9gion.<\/p>\n<figure id=\"attachment_510961\" aria-describedby=\"caption-attachment-510961\" style=\"width: 533px\" class=\"wp-caption alignnone\"><a href=\"https:\/\/www.albinfo.ch\/wp-content\/uploads\/2021\/10\/2fb2d786-6a1e-4966-99fb-15480c50222a-1.jpg\"><img loading=\"lazy\" decoding=\"async\" class=\"wp-image-510961\" src=\"https:\/\/www.albinfo.ch\/wp-content\/uploads\/2021\/10\/2fb2d786-6a1e-4966-99fb-15480c50222a-1.jpg\" alt=\"\" width=\"533\" height=\"400\" \/><\/a><figcaption id=\"caption-attachment-510961\" class=\"wp-caption-text\">Wander Adventures<\/figcaption><\/figure>\n<figure id=\"attachment_510970\" aria-describedby=\"caption-attachment-510970\" style=\"width: 533px\" class=\"wp-caption alignnone\"><a href=\"https:\/\/www.albinfo.ch\/wp-content\/uploads\/2021\/10\/20190205_200026.jpg\"><img loading=\"lazy\" decoding=\"async\" class=\"wp-image-510970\" src=\"https:\/\/www.albinfo.ch\/wp-content\/uploads\/2021\/10\/20190205_200026.jpg\" alt=\"\" width=\"533\" height=\"400\" \/><\/a><figcaption id=\"caption-attachment-510970\" class=\"wp-caption-text\">Wander Adventures<\/figcaption><\/figure>\n<figure id=\"attachment_510964\" aria-describedby=\"caption-attachment-510964\" style=\"width: 534px\" class=\"wp-caption alignnone\"><a href=\"https:\/\/www.albinfo.ch\/wp-content\/uploads\/2021\/10\/20180217_130742.jpg\"><img loading=\"lazy\" decoding=\"async\" class=\"wp-image-510964\" src=\"https:\/\/www.albinfo.ch\/wp-content\/uploads\/2021\/10\/20180217_130742.jpg\" alt=\"\" width=\"534\" height=\"300\" \/><\/a><figcaption id=\"caption-attachment-510964\" class=\"wp-caption-text\">Wander Adventures<\/figcaption><\/figure>\n<figure id=\"attachment_510958\" aria-describedby=\"caption-attachment-510958\" style=\"width: 533px\" class=\"wp-caption alignnone\"><a href=\"https:\/\/www.albinfo.ch\/wp-content\/uploads\/2021\/10\/1b4eae21-5f45-4b08-ae70-8cc09eaf8844-1.jpg\"><img loading=\"lazy\" decoding=\"async\" class=\"wp-image-510958\" src=\"https:\/\/www.albinfo.ch\/wp-content\/uploads\/2021\/10\/1b4eae21-5f45-4b08-ae70-8cc09eaf8844-1.jpg\" alt=\"\" width=\"533\" height=\"400\" \/><\/a><figcaption id=\"caption-attachment-510958\" class=\"wp-caption-text\">Wander Adventures<\/figcaption><\/figure>\n<p>Les activit\u00e9s que vous pouvez pratiquer avec Wander Adventures\u00a0:<\/p>\n<p>-randonn\u00e9e<\/p>\n<p>-ski et le\u00e7ons de ski<\/p>\n<p>-VTT<\/p>\n<p>-tous en 4 x 4<\/p>\n<p>-escalade<\/p>\n<p>-parapente et cours de parapente<\/p>\n<p>-cat skiing (ski dans des endroits intouch\u00e9s que l\u2019on rejoint par v\u00e9hicule sp\u00e9cial)<\/p>\n","protected":false},"excerpt":{"rendered":"<p>Faites connaissance avec Wander Adventures, un voyagiste au Kosovo qui propose des exp\u00e9riences et des activit\u00e9s de plein air toute l&#8217;ann\u00e9e. Les offres touristiques de cette entreprise sont vari\u00e9es et pleines d&#8217;adr\u00e9naline. Wander Adventures offre quasiment tout: des promenades dans les \u201cmontagnes maudites\u201d, des promenades quotidiennes \u00e0 travers le Kosovo en 4&#215;4 pour d\u00e9couvrir la [&hellip;]<\/p>\n","protected":false},"author":6,"featured_media":510965,"comment_status":"open","ping_status":"open","sticky":false,"template":"","format":"standard","meta":{"footnotes":""},"categories":[33083,23271,3944,3949,23270,24620,1159],"tags":[],"vendi":[],"content_country":[31835,31838,31840],"class_list":["post-510993","post","type-post","status-publish","format-standard","has-post-thumbnail","hentry","category-de-balkani-fr","category-kosovo","category-turizmi-fr","category-kosova-fr","category-at-balkani-fr","category-kosova-fr-2","category-ch-balkans","content_country-austria-fr","content_country-germany-fr","content_country-zvicer-fr"],"acf":[],"_links":{"self":[{"href":"https:\/\/www.albinfo.at\/fr\/wp-json\/wp\/v2\/posts\/510993","targetHints":{"allow":["GET"]}}],"collection":[{"href":"https:\/\/www.albinfo.at\/fr\/wp-json\/wp\/v2\/posts"}],"about":[{"href":"https:\/\/www.albinfo.at\/fr\/wp-json\/wp\/v2\/types\/post"}],"author":[{"embeddable":true,"href":"https:\/\/www.albinfo.at\/fr\/wp-json\/wp\/v2\/users\/6"}],"replies":[{"embeddable":true,"href":"https:\/\/www.albinfo.at\/fr\/wp-json\/wp\/v2\/comments?post=510993"}],"version-history":[{"count":0,"href":"https:\/\/www.albinfo.at\/fr\/wp-json\/wp\/v2\/posts\/510993\/revisions"}],"wp:featuredmedia":[{"embeddable":true,"href":"https:\/\/www.albinfo.at\/fr\/wp-json\/wp\/v2\/media\/510965"}],"wp:attachment":[{"href":"https:\/\/www.albinfo.at\/fr\/wp-json\/wp\/v2\/media?parent=510993"}],"wp:term":[{"taxonomy":"category","embeddable":true,"href":"https:\/\/www.albinfo.at\/fr\/wp-json\/wp\/v2\/categories?post=510993"},{"taxonomy":"post_tag","embeddable":true,"href":"https:\/\/www.albinfo.at\/fr\/wp-json\/wp\/v2\/tags?post=510993"},{"taxonomy":"vendi","embeddable":true,"href":"https:\/\/www.albinfo.at\/fr\/wp-json\/wp\/v2\/vendi?post=510993"},{"taxonomy":"content_country","embeddable":true,"href":"https:\/\/www.albinfo.at\/fr\/wp-json\/wp\/v2\/content_country?post=510993"}],"curies":[{"name":"wp","href":"https:\/\/api.w.org\/{rel}","templated":true}]}}