{"id":509816,"date":"2021-10-15T23:15:01","date_gmt":"2021-10-15T21:15:01","guid":{"rendered":"https:\/\/www.albinfo.ch\/?p=509816"},"modified":"2021-10-16T00:08:15","modified_gmt":"2021-10-15T22:08:15","slug":"lengagement-avec-le-secteur-prive-compte-de-plus-en-plus-dans-la-cooperation-internationale","status":"publish","type":"post","link":"https:\/\/www.albinfo.at\/fr\/lengagement-avec-le-secteur-prive-compte-de-plus-en-plus-dans-la-cooperation-internationale\/","title":{"rendered":"L\u2019engagement avec le secteur priv\u00e9 compte de plus en plus dans la coop\u00e9ration internationale"},"content":{"rendered":"<div class=\"contentHead\"><strong>D\u00e9but 2021, la Direction du d\u00e9veloppement et de la coop\u00e9ration (DDC) a d\u00e9fini des principes directeurs et \u00e9labor\u00e9 un manuel concernant l\u2019engagement avec le secteur priv\u00e9. Cet engagement rev\u00eat une importance croissante dans la coop\u00e9ration internationale. R\u00e9unis lors d\u2019un colloque organis\u00e9 ce jour \u00e0 Berne, des repr\u00e9sentants de la DDC, du Secr\u00e9tariat d\u2019\u00c9tat \u00e0 l\u2019\u00e9conomie (SECO), du secteur priv\u00e9 et de la soci\u00e9t\u00e9 civile ont discut\u00e9 des opportunit\u00e9s et des d\u00e9fis li\u00e9s \u00e0 l\u2019engagement avec le secteur priv\u00e9, ainsi que du r\u00f4le que joue celui-ci dans la r\u00e9alisation des objectifs de d\u00e9veloppement durable.<\/strong><\/div>\n<div class=\"mod mod-nsbnewsdetails\">\n<p>Le colloque d\u2019aujourd\u2019hui portait principalement sur les possibilit\u00e9s de collaboration dont disposent le secteur priv\u00e9 et les pouvoirs publics pour lutter ensemble contre la pauvret\u00e9 dans le monde. Dans son allocution de bienvenue, le conseiller f\u00e9d\u00e9ral Ignazio Cassis a soulign\u00e9 le r\u00f4le important que joue le secteur priv\u00e9 dans la r\u00e9alisation des 17 objectifs de d\u00e9veloppement durable. \u00abDans les pays en d\u00e9veloppement, neuf emplois sur dix sont cr\u00e9\u00e9s par le secteur priv\u00e9, ce qui g\u00e9n\u00e8re des revenus et contribue \u00e0 am\u00e9liorer le niveau de vie\u00bb, a d\u00e9clar\u00e9 le ministre des affaires \u00e9trang\u00e8res devant les quelque 250 participants issus de l\u2019\u00e9conomie priv\u00e9e, de la soci\u00e9t\u00e9 civile, des milieux scientifiques et de l\u2019administration.<\/p>\n<p><strong>Compl\u00e9mentarit\u00e9 avec les instruments traditionnels<\/strong><\/p>\n<p>Lors du colloque, les participants ont mis en avant le r\u00f4le des entreprises en tant que source d\u2019innovation et de progr\u00e8s, et soulign\u00e9 la n\u00e9cessit\u00e9 d\u2019impliquer encore davantage le secteur priv\u00e9 dans la coop\u00e9ration internationale. Gr\u00e2ce aux produits innovants et durables, comme les technologies permettant d\u2019exploiter les \u00e9nergies renouvelables ou les nouveaux traitements contre des maladies mortelles, le secteur priv\u00e9 contribue \u00e0 am\u00e9liorer les conditions de vie. La num\u00e9risation joue elle aussi un r\u00f4le de plus en plus important, dans la mesure o\u00f9 elle facilite, notamment, l\u2019acc\u00e8s aux services financiers comme les microcr\u00e9dits ou la microassurance. Des m\u00e9nages, des familles, mais \u00e9galement de nombreuses entreprises peuvent ainsi en b\u00e9n\u00e9ficier dans les pays en d\u00e9veloppement.<\/p>\n<p>En parall\u00e8le \u00e0 son engagement avec le secteur priv\u00e9, la Suisse continue de travailler avec les instruments traditionnels de la coop\u00e9ration internationale, qui visent principalement \u00e0 promouvoir la bonne gouvernance et le respect des droits de l\u2019homme, \u00e0 lutter contre la corruption, \u00e0 \u0153uvrer en faveur de la paix et \u00e0 favoriser une \u00e9ducation et des soins de sant\u00e9 de qualit\u00e9. L\u2019engagement avec le secteur priv\u00e9 permet de compl\u00e9ter utilement ces activit\u00e9s. La mise en place d\u2019un cadre \u00e9conomique stable et d\u2019un environnement propice aux investissements, la cr\u00e9ation de bonnes conditions de travail et le d\u00e9veloppement de pratiques environnementales et sociales durables profitent non seulement aux populations locales, mais \u00e9galement aux entreprises.<\/p>\n<p>Pr\u00e9sente au colloque, la directrice de la DDC Patricia Danzi a \u00e9voqu\u00e9 la longue collaboration qui existe entre les institutions publiques et le secteur priv\u00e9. Plus d\u2019une centaine de projets de coop\u00e9ration sont men\u00e9s actuellement avec des entreprises priv\u00e9es. En janvier dernier, la DDC a publi\u00e9 des principes directeurs ainsi qu\u2019un manuel concernant l\u2019engagement avec le secteur priv\u00e9.<\/p>\n<p><strong>Des conditions claires pour les partenariats public-priv\u00e9<\/strong><\/p>\n<p>L\u2019am\u00e9lioration du cadre \u00e9conomique et des normes internationales favorisant la durabilit\u00e9, ainsi que la promotion des entreprises locales dans les pays prioritaires de la DDC sont les principales th\u00e9matiques autour desquelles s\u2019articule l\u2019engagement avec le secteur priv\u00e9. La DDC pose des conditions claires aux partenariats public-priv\u00e9, qui devront, \u00e0 l\u2019avenir \u00e9galement, respecter les crit\u00e8res environnementaux, sociaux et de gouvernance.<\/p>\n<\/div>\n","protected":false},"excerpt":{"rendered":"<p>Dans son allocution de bienvenue, le conseiller f\u00e9d\u00e9ral Ignazio Cassis a soulign\u00e9 le r\u00f4le important que joue le secteur priv\u00e9 dans la r\u00e9alisation des 17 objectifs de d\u00e9veloppement durable<\/p>\n","protected":false},"author":4,"featured_media":506389,"comment_status":"open","ping_status":"open","sticky":false,"template":"","format":"standard","meta":{"footnotes":""},"categories":[1171,1170],"tags":[],"vendi":[],"content_country":[31835,31838,31840],"class_list":["post-509816","post","type-post","status-publish","format-standard","has-post-thumbnail","hentry","category-thematique","category-vivre-en-suisse","content_country-austria-fr","content_country-germany-fr","content_country-zvicer-fr"],"acf":[],"_links":{"self":[{"href":"https:\/\/www.albinfo.at\/fr\/wp-json\/wp\/v2\/posts\/509816","targetHints":{"allow":["GET"]}}],"collection":[{"href":"https:\/\/www.albinfo.at\/fr\/wp-json\/wp\/v2\/posts"}],"about":[{"href":"https:\/\/www.albinfo.at\/fr\/wp-json\/wp\/v2\/types\/post"}],"author":[{"embeddable":true,"href":"https:\/\/www.albinfo.at\/fr\/wp-json\/wp\/v2\/users\/4"}],"replies":[{"embeddable":true,"href":"https:\/\/www.albinfo.at\/fr\/wp-json\/wp\/v2\/comments?post=509816"}],"version-history":[{"count":0,"href":"https:\/\/www.albinfo.at\/fr\/wp-json\/wp\/v2\/posts\/509816\/revisions"}],"wp:featuredmedia":[{"embeddable":true,"href":"https:\/\/www.albinfo.at\/fr\/wp-json\/wp\/v2\/media\/506389"}],"wp:attachment":[{"href":"https:\/\/www.albinfo.at\/fr\/wp-json\/wp\/v2\/media?parent=509816"}],"wp:term":[{"taxonomy":"category","embeddable":true,"href":"https:\/\/www.albinfo.at\/fr\/wp-json\/wp\/v2\/categories?post=509816"},{"taxonomy":"post_tag","embeddable":true,"href":"https:\/\/www.albinfo.at\/fr\/wp-json\/wp\/v2\/tags?post=509816"},{"taxonomy":"vendi","embeddable":true,"href":"https:\/\/www.albinfo.at\/fr\/wp-json\/wp\/v2\/vendi?post=509816"},{"taxonomy":"content_country","embeddable":true,"href":"https:\/\/www.albinfo.at\/fr\/wp-json\/wp\/v2\/content_country?post=509816"}],"curies":[{"name":"wp","href":"https:\/\/api.w.org\/{rel}","templated":true}]}}