{"id":508793,"date":"2021-10-11T22:55:09","date_gmt":"2021-10-11T20:55:09","guid":{"rendered":"https:\/\/www.albinfo.ch\/?p=508793"},"modified":"2021-10-11T22:46:50","modified_gmt":"2021-10-11T20:46:50","slug":"le-conseil-des-droits-de-lhomme-reconnait-le-droit-a-un-environnement-sain","status":"publish","type":"post","link":"https:\/\/www.albinfo.at\/fr\/le-conseil-des-droits-de-lhomme-reconnait-le-droit-a-un-environnement-sain\/","title":{"rendered":"Le Conseil des droits de l\u2019homme reconna\u00eet le droit \u00e0 un environnement sain"},"content":{"rendered":"<div class=\"contentHead\">\n<p><strong style=\"font-size: 16px;\">Apr\u00e8s plus de quatre semaines d\u2019intenses n\u00e9gociations \u00e0 Gen\u00e8ve, la 48e session du Conseil des droits de l\u2019homme s\u2019est achev\u00e9e le 11 octobre 2021. Cette ann\u00e9e, le Conseil a adopt\u00e9 trois initiatives de la Suisse et de ses pays partenaires. Dans une r\u00e9solution, le Conseil reconna\u00eet le droit \u00e0 un environnement sain. La deuxi\u00e8me initiative porte sur la peine de mort et souligne le manque de transparence dans son application. La troisi\u00e8me r\u00e9solution concerne la pr\u00e9vention et l\u2019\u00e9limination des mariages d\u2019enfants, des mariages pr\u00e9coces et des mariages forc\u00e9s en p\u00e9riode de crise.<\/strong><\/p>\n<\/div>\n<div class=\"mod mod-nsbnewsdetails\">\n<p>Lors de la 48e session du Conseil des droits de l\u2019homme, la Suisse a propos\u00e9 trois initiatives qui ont \u00e9t\u00e9 adopt\u00e9es. Une premi\u00e8re r\u00e9solution pr\u00e9sent\u00e9e avec le Costa Rica, le Maroc, les Maldives et la Slov\u00e9nie, demande la reconnaissance universelle du droit \u00e0 un environnement propre, sain et durable. Par ce signal politique fort, la communaut\u00e9 internationale r\u00e9agit \u00e0 l\u2019augmentation des atteintes aux droits \u00e0 la sant\u00e9, \u00e0 l\u2019eau et \u00e0 l\u2019alimentation dues \u00e0 la d\u00e9gradation de l\u2019environnement.<\/p>\n<p>La deuxi\u00e8me initiative, sur la peine de mort, est pr\u00e9sent\u00e9e tous les deux ans par la Suisse, la Belgique, le Costa Rica, la France, le Mexique, la Moldavie et la Mongolie. La r\u00e9solution adopt\u00e9e cette ann\u00e9e avait pour th\u00e8me principal le manque de transparence dans l\u2019application de la peine de mort. Gr\u00e2ce \u00e0 son caract\u00e8re r\u00e9current, cette r\u00e9solution permet de r\u00e9duire de mani\u00e8re continue le champ d\u2019application et le recours \u00e0 la peine de mort dans le monde. En collaboration avec un groupe suprar\u00e9gional de onze pays, la Suisse a pr\u00e9sent\u00e9 une r\u00e9solution sur la pr\u00e9vention et l\u2019\u00e9limination des mariages d\u2019enfants, des mariages pr\u00e9coces et des mariages forc\u00e9s en temps de crise, notamment pendant la pand\u00e9mie de COVID-19. La Suisse a en particulier plaid\u00e9 pour que le Conseil des droits de l\u2019homme adopte une prise de position ferme sur le droit \u00e0 la sant\u00e9, la participation pleine et effective des femmes \u00e0 la prise de d\u00e9cision, le r\u00f4le de la soci\u00e9t\u00e9 civile et l\u2019\u00e9limination de toutes les formes de violence \u00e0 l\u2019\u00e9gard des femmes.<\/p>\n<p>Dans une r\u00e9solution sur le droit \u00e0 la vie priv\u00e9e \u00e0 l\u2019\u00e8re du num\u00e9rique, la Suisse s\u2019est jointe \u00e0 d\u2019autres \u00c9tats pour demander une protection renforc\u00e9e des droits de l\u2019homme dans le contexte de l\u2019utilisation des nouvelles technologies, notamment de l\u2019intelligence artificielle.<\/p>\n<p><strong>La situation des droits de l\u2019homme de par le monde<\/strong><\/p>\n<p>Parall\u00e8lement \u00e0 ces priorit\u00e9s th\u00e9matiques, la Suisse s\u2019est \u00e9galement pench\u00e9e sur le respect des droits de l\u2019homme dans plusieurs pays du monde. Dans une d\u00e9claration, elle a ainsi fait part de son inqui\u00e9tude face \u00e0 la situation en Afghanistan et appel\u00e9 toutes les parties \u00e0 respecter le droit international humanitaire et les droits de l\u2019homme. La Suisse a soutenu la r\u00e9solution d\u00e9pos\u00e9e par l\u2019UE mandatant un expert pour enqu\u00eater sur la situation en Afghanistan. Lors des n\u00e9gociations autour de la r\u00e9solution, la Suisse a \u00e9galement plaid\u00e9 pour la prolongation des mandats de la mission d\u2019enqu\u00eate sur la Libye et du Groupe d\u2019experts sur le Y\u00e9men. La Suisse regrette que le Conseil des droits de l&#8217;homme ait rejet\u00e9 la r\u00e9solution sur le renouvellement du mandat du Groupe d&#8217;expert.e.s sur le Y\u00e9men.<\/p>\n<p>Au cours du dialogue avec les experts de l\u2019ONU, la Suisse a comment\u00e9 la situation dans plusieurs pays, dont le Burundi, le Myanmar, le Venezuela et le B\u00e9larus. Elle a ainsi appel\u00e9 \u00e0 la protection des droits de l\u2019homme et en particulier \u00e0 la lib\u00e9ration des personnes d\u00e9tenues arbitrairement. La Suisse s\u2019est \u00e9galement associ\u00e9e \u00e0 d\u2019autres \u00c9tats dans des d\u00e9clarations communes portant sur la situation des droits de l\u2019homme dans certains pays, notamment au Nicaragua, au Soudan et en \u00c9thiopie.<\/p>\n<\/div>\n","protected":false},"excerpt":{"rendered":"<p>Cette ann\u00e9e, le Conseil a adopt\u00e9 trois initiatives de la Suisse et de ses pays partenaires. Dans une r\u00e9solution, le Conseil reconna\u00eet le droit \u00e0 un environnement sain<\/p>\n","protected":false},"author":4,"featured_media":324015,"comment_status":"open","ping_status":"open","sticky":false,"template":"","format":"standard","meta":{"footnotes":""},"categories":[1171,1170],"tags":[],"vendi":[],"content_country":[31835,31838,31840],"class_list":["post-508793","post","type-post","status-publish","format-standard","has-post-thumbnail","hentry","category-thematique","category-vivre-en-suisse","content_country-austria-fr","content_country-germany-fr","content_country-zvicer-fr"],"acf":[],"_links":{"self":[{"href":"https:\/\/www.albinfo.at\/fr\/wp-json\/wp\/v2\/posts\/508793","targetHints":{"allow":["GET"]}}],"collection":[{"href":"https:\/\/www.albinfo.at\/fr\/wp-json\/wp\/v2\/posts"}],"about":[{"href":"https:\/\/www.albinfo.at\/fr\/wp-json\/wp\/v2\/types\/post"}],"author":[{"embeddable":true,"href":"https:\/\/www.albinfo.at\/fr\/wp-json\/wp\/v2\/users\/4"}],"replies":[{"embeddable":true,"href":"https:\/\/www.albinfo.at\/fr\/wp-json\/wp\/v2\/comments?post=508793"}],"version-history":[{"count":0,"href":"https:\/\/www.albinfo.at\/fr\/wp-json\/wp\/v2\/posts\/508793\/revisions"}],"wp:featuredmedia":[{"embeddable":true,"href":"https:\/\/www.albinfo.at\/fr\/wp-json\/wp\/v2\/media\/324015"}],"wp:attachment":[{"href":"https:\/\/www.albinfo.at\/fr\/wp-json\/wp\/v2\/media?parent=508793"}],"wp:term":[{"taxonomy":"category","embeddable":true,"href":"https:\/\/www.albinfo.at\/fr\/wp-json\/wp\/v2\/categories?post=508793"},{"taxonomy":"post_tag","embeddable":true,"href":"https:\/\/www.albinfo.at\/fr\/wp-json\/wp\/v2\/tags?post=508793"},{"taxonomy":"vendi","embeddable":true,"href":"https:\/\/www.albinfo.at\/fr\/wp-json\/wp\/v2\/vendi?post=508793"},{"taxonomy":"content_country","embeddable":true,"href":"https:\/\/www.albinfo.at\/fr\/wp-json\/wp\/v2\/content_country?post=508793"}],"curies":[{"name":"wp","href":"https:\/\/api.w.org\/{rel}","templated":true}]}}