{"id":508775,"date":"2021-10-11T22:36:34","date_gmt":"2021-10-11T20:36:34","guid":{"rendered":"https:\/\/www.albinfo.ch\/?p=508775"},"modified":"2021-10-11T22:38:09","modified_gmt":"2021-10-11T20:38:09","slug":"le-plan-daction-national-contre-la-traite-des-etres-humains-est-relance","status":"publish","type":"post","link":"https:\/\/www.albinfo.at\/fr\/le-plan-daction-national-contre-la-traite-des-etres-humains-est-relance\/","title":{"rendered":"Le Plan d&#8217;action national contre la traite des \u00eatres humains est relanc\u00e9"},"content":{"rendered":"<div class=\"contentHead\"><\/div>\n<div class=\"mod mod-nsbnewsdetails\">\n<p>Les victimes de traite ne sont pas visibles, pourtant la traite d&#8217;\u00eatres humains est une triste r\u00e9alit\u00e9 en Suisse. Le deuxi\u00e8me Plan d&#8217;action national (PAN) contre la traite des \u00eatres humains 2017-2020 pr\u00e9voyait diff\u00e9rentes mesures, notamment des campagnes de sensibilisation aupr\u00e8s des m\u00e9decins urgentistes, du grand public et des inspecteurs du travail, une liste de contr\u00f4le permettant d&#8217;identifier les victimes et des formations destin\u00e9es aux autorit\u00e9s de poursuite p\u00e9nale et aux services de migration.<\/p>\n<p>Les r\u00e9sultats de l&#8217;\u00e9valuation montrent que sur les 28\u00a0mesures, 20 ont \u00e9t\u00e9 enti\u00e8rement mises en \u0153uvre, deux partiellement et six de mani\u00e8re encore insuffisante.<\/p>\n<h3>Consolider la coordination, renforcer le caract\u00e8re obligatoire<\/h3>\n<p>Il est pr\u00e9vu d&#8217;\u00e9laborer un nouveau PAN sur la base des r\u00e9sultats de l&#8217;\u00e9valuation. Ce plan se concentrera sur les domaines o\u00f9 des actions sont encore n\u00e9cessaires, comme la traite d&#8217;\u00eatres humains \u00e0 des fins d&#8217;exploitation de travail. La poursuite p\u00e9nale et l&#8217;aide aux victimes seront aussi renforc\u00e9es, tandis que la cybercriminalit\u00e9 sera davantage prise en consid\u00e9ration.<\/p>\n<p>L&#8217;\u00e9valuation a \u00e9galement soulign\u00e9 la n\u00e9cessit\u00e9 d&#8217;une plus grande implication des d\u00e9cideurs politiques \u00e0 tous les \u00e9chelons. Toutes les instances politiques concern\u00e9es de la Conf\u00e9d\u00e9ration, des cantons et des communes devraient soutenir et adopter le nouveau PAN afin d&#8217;accro\u00eetre son caract\u00e8re contraignant. Parall\u00e8lement, la coordination au niveau national devrait \u00eatre am\u00e9lior\u00e9e. fedpol est en train d&#8217;examiner quel organe institutionnel est le plus adapt\u00e9 pour garantir cette inclusion politique et cette coordination globale.<\/p>\n<p>fedpol continue de jouer un r\u00f4le de premier plan dans la lutte contre la traite des \u00eatres humains, en particulier par la coop\u00e9ration et la coordination polici\u00e8re internationale et nationale.<\/p>\n<\/div>\n","protected":false},"excerpt":{"rendered":"<p>L&#8217;\u00e9valuation du Plan d&#8217;action national contre la traite des \u00eatres humains 2017-2020 montre que la majorit\u00e9 des 28 mesures a \u00e9t\u00e9 mise en \u0153uvre. Il est toutefois n\u00e9cessaire de continuer \u00e0 agir dans plusieurs domaines. C&#8217;est pourquoi un troisi\u00e8me plan d&#8217;action national est pr\u00e9vu. Il se concentrera sur les principaux champs d&#8217;action et sera politiquement plus contraignant que les pr\u00e9c\u00e9dents.<\/p>\n","protected":false},"author":4,"featured_media":483888,"comment_status":"open","ping_status":"open","sticky":false,"template":"","format":"standard","meta":{"footnotes":""},"categories":[1171,1170],"tags":[],"vendi":[],"content_country":[31835,31838,31840],"class_list":["post-508775","post","type-post","status-publish","format-standard","has-post-thumbnail","hentry","category-thematique","category-vivre-en-suisse","content_country-austria-fr","content_country-germany-fr","content_country-zvicer-fr"],"acf":[],"_links":{"self":[{"href":"https:\/\/www.albinfo.at\/fr\/wp-json\/wp\/v2\/posts\/508775","targetHints":{"allow":["GET"]}}],"collection":[{"href":"https:\/\/www.albinfo.at\/fr\/wp-json\/wp\/v2\/posts"}],"about":[{"href":"https:\/\/www.albinfo.at\/fr\/wp-json\/wp\/v2\/types\/post"}],"author":[{"embeddable":true,"href":"https:\/\/www.albinfo.at\/fr\/wp-json\/wp\/v2\/users\/4"}],"replies":[{"embeddable":true,"href":"https:\/\/www.albinfo.at\/fr\/wp-json\/wp\/v2\/comments?post=508775"}],"version-history":[{"count":0,"href":"https:\/\/www.albinfo.at\/fr\/wp-json\/wp\/v2\/posts\/508775\/revisions"}],"wp:featuredmedia":[{"embeddable":true,"href":"https:\/\/www.albinfo.at\/fr\/wp-json\/wp\/v2\/media\/483888"}],"wp:attachment":[{"href":"https:\/\/www.albinfo.at\/fr\/wp-json\/wp\/v2\/media?parent=508775"}],"wp:term":[{"taxonomy":"category","embeddable":true,"href":"https:\/\/www.albinfo.at\/fr\/wp-json\/wp\/v2\/categories?post=508775"},{"taxonomy":"post_tag","embeddable":true,"href":"https:\/\/www.albinfo.at\/fr\/wp-json\/wp\/v2\/tags?post=508775"},{"taxonomy":"vendi","embeddable":true,"href":"https:\/\/www.albinfo.at\/fr\/wp-json\/wp\/v2\/vendi?post=508775"},{"taxonomy":"content_country","embeddable":true,"href":"https:\/\/www.albinfo.at\/fr\/wp-json\/wp\/v2\/content_country?post=508775"}],"curies":[{"name":"wp","href":"https:\/\/api.w.org\/{rel}","templated":true}]}}