{"id":496986,"date":"2021-08-24T23:55:50","date_gmt":"2021-08-24T21:55:50","guid":{"rendered":"https:\/\/www.albinfo.ch\/?p=496986"},"modified":"2021-08-24T23:57:35","modified_gmt":"2021-08-24T21:57:35","slug":"contrer-la-radicalisation-en-offrant-de-bonnes-conditions-de-travail-aux-accompagnants-religieux","status":"publish","type":"post","link":"https:\/\/www.albinfo.at\/fr\/contrer-la-radicalisation-en-offrant-de-bonnes-conditions-de-travail-aux-accompagnants-religieux\/","title":{"rendered":"Contrer la radicalisation en offrant de bonnes conditions de travail aux accompagnants religieux"},"content":{"rendered":"<div class=\"contentHead\"><\/div>\n<div class=\"mod mod-nsbnewsdetails\">\n<p><strong>Les imams mod\u00e9r\u00e9s et les autres accompagnants religieux peuvent apporter une importante contribution \u00e0 l\u2019int\u00e9gration et, par cons\u00e9quent, \u00e0 la pr\u00e9vention de la radicalisation. L\u2019absence de perspectives limite la professionnalisation dans ce domaine ainsi que le d\u00e9veloppement d\u2019offres de formation continue. Le Conseil f\u00e9d\u00e9ral consid\u00e8re toutefois qu\u2019il n\u2019est pas judicieux de mettre sur pied une formation nationale des imams. Telles sont en substance les conclusions du Conseil f\u00e9d\u00e9ral dans le rapport qu\u2019il a approuv\u00e9 lors de sa s\u00e9ance du 18 ao\u00fbt 2021.<\/strong><\/p>\n<p>Le Parlement a charg\u00e9 le Conseil f\u00e9d\u00e9ral, dans le postulat 16.3314 &#8220;Tirer parti du r\u00f4le cl\u00e9 que jouent les imams mod\u00e9r\u00e9s contre la radicalisation des jeunes musulmans&#8221;, d&#8217;\u00e9tudier par le biais de quelles mesures de formation des imams il serait possible de pr\u00e9venir le &#8220;pros\u00e9lytisme islamiste&#8221; et tirer parti du potentiel int\u00e9grateur des imams, en particulier lorsqu&#8217;ils sont en contact avec des jeunes. Dans son rapport, le Conseil f\u00e9d\u00e9ral \u00e9tend sa r\u00e9flexion aux autres accompagnants religieux tels que les professeurs d&#8217;\u00e9ducation religieuse, les aum\u00f4niers, les responsables de groupes de femmes ou de jeunes ainsi que les membres d&#8217;une communaut\u00e9 qui exercent des t\u00e2ches particuli\u00e8res. Les conclusions du rapport ne se limitent pas non plus \u00e0 l&#8217;islam, car nombre d&#8217;entre elles concernent aussi d&#8217;autres religions.<\/p>\n<h3>Formation nationale d&#8217;imams contraire \u00e0 la neutralit\u00e9 religieuse de l&#8217;\u00c9tat<\/h3>\n<p>La Constitution oblige l&#8217;\u00c9tat \u00e0 respecter la neutralit\u00e9 religieuse\u00a0: il a l&#8217;interdiction de prendre des mesures visant une religion sp\u00e9cifique ou de fixer des exigences en mati\u00e8re de formation pour une communaut\u00e9 religieuse. Une \u00e9tude de droit compar\u00e9 de la situation dans huit pays d&#8217;Europe occidentale a \u00e9galement montr\u00e9 qu&#8217;aucun des pays n&#8217;a mis sur pied une formation nationale des imams. D&#8217;apr\u00e8s le Conseil f\u00e9d\u00e9ral, une telle formation n&#8217;est donc pas une approche appropri\u00e9e pour contrer le probl\u00e8me des pr\u00e9dicateurs extr\u00e9mistes et de la radicalisation qu&#8217;ils encouragent.<\/p>\n<h3>Professionnalisation des accompagnants religieux<\/h3>\n<p>Comme le d\u00e9montre une \u00e9tude de l&#8217;Universit\u00e9 des sciences appliqu\u00e9es de Zurich (ZHAW), les accompagnants religieux mod\u00e9r\u00e9s peuvent avoir un effet positif sur l&#8217;int\u00e9gration et contribuer activement \u00e0 la pr\u00e9vention de la radicalisation. Ce potentiel int\u00e9grateur peut notamment \u00eatre d\u00e9velopp\u00e9 par le biais de l&#8217;inclusion des communaut\u00e9s religieuses de droit priv\u00e9 dans les institutions publiques telles que l&#8217;arm\u00e9e, les h\u00f4pitaux, les institutions d&#8217;ex\u00e9cution des peines et les centres d&#8217;asile. Dans ce contexte, il est envisageable de fixer des exigences en mati\u00e8re de formation et de formation continue et de les faire respecter. De bonnes conditions de travail et des perspectives professionnelles augmenteraient \u00e9galement la demande d&#8217;offres de formations de qualit\u00e9 et contribueraient \u00e0 la professionnalisation des imams et des autres accompagnants religieux. La Conf\u00e9d\u00e9ration va bient\u00f4t impliquer des accompagnants religieux issus de diff\u00e9rentes communaut\u00e9s dans l&#8217;aum\u00f4nerie de l&#8217;arm\u00e9e. Le Conseil f\u00e9d\u00e9ral examine la possibilit\u00e9 d&#8217;\u00e9tendre cette pratique aux centres d&#8217;asile f\u00e9d\u00e9raux.<\/p>\n<p>Le rapport ne couvre pas tous les aspects en lien avec l&#8217;activit\u00e9 des imams en Suisse. C&#8217;est la raison pour laquelle le Conseil f\u00e9d\u00e9ral a recommand\u00e9 l&#8217;acceptation du postulat 21.3451 de la Commission de la politique de s\u00e9curit\u00e9 du Conseil des \u00c9tats &#8220;Imams en Suisse&#8221;. Le Conseil des \u00c9tats a adopt\u00e9 ce postulat le 16\u00a0juin 2021, chargeant ainsi le Conseil f\u00e9d\u00e9ral d&#8217;examiner comment mieux contr\u00f4ler les personnes qui diffusent des id\u00e9es extr\u00e9mistes lors de discours de nature religieuse.<\/p>\n<\/div>\n","protected":false},"excerpt":{"rendered":"<p>Le Conseil f\u00e9d\u00e9ral consid\u00e8re toutefois qu\u2019il n\u2019est pas judicieux de mettre sur pied une formation nationale des imams. Telles sont en substance les conclusions du Conseil f\u00e9d\u00e9ral dans le rapport qu\u2019il a approuv\u00e9 lors de sa s\u00e9ance du 18 ao\u00fbt 2021<\/p>\n","protected":false},"author":4,"featured_media":469021,"comment_status":"open","ping_status":"open","sticky":false,"template":"","format":"standard","meta":{"footnotes":""},"categories":[1171,1170],"tags":[],"vendi":[],"content_country":[],"class_list":["post-496986","post","type-post","status-publish","format-standard","has-post-thumbnail","hentry","category-thematique","category-vivre-en-suisse"],"acf":[],"_links":{"self":[{"href":"https:\/\/www.albinfo.at\/fr\/wp-json\/wp\/v2\/posts\/496986","targetHints":{"allow":["GET"]}}],"collection":[{"href":"https:\/\/www.albinfo.at\/fr\/wp-json\/wp\/v2\/posts"}],"about":[{"href":"https:\/\/www.albinfo.at\/fr\/wp-json\/wp\/v2\/types\/post"}],"author":[{"embeddable":true,"href":"https:\/\/www.albinfo.at\/fr\/wp-json\/wp\/v2\/users\/4"}],"replies":[{"embeddable":true,"href":"https:\/\/www.albinfo.at\/fr\/wp-json\/wp\/v2\/comments?post=496986"}],"version-history":[{"count":0,"href":"https:\/\/www.albinfo.at\/fr\/wp-json\/wp\/v2\/posts\/496986\/revisions"}],"wp:featuredmedia":[{"embeddable":true,"href":"https:\/\/www.albinfo.at\/fr\/wp-json\/wp\/v2\/media\/469021"}],"wp:attachment":[{"href":"https:\/\/www.albinfo.at\/fr\/wp-json\/wp\/v2\/media?parent=496986"}],"wp:term":[{"taxonomy":"category","embeddable":true,"href":"https:\/\/www.albinfo.at\/fr\/wp-json\/wp\/v2\/categories?post=496986"},{"taxonomy":"post_tag","embeddable":true,"href":"https:\/\/www.albinfo.at\/fr\/wp-json\/wp\/v2\/tags?post=496986"},{"taxonomy":"vendi","embeddable":true,"href":"https:\/\/www.albinfo.at\/fr\/wp-json\/wp\/v2\/vendi?post=496986"},{"taxonomy":"content_country","embeddable":true,"href":"https:\/\/www.albinfo.at\/fr\/wp-json\/wp\/v2\/content_country?post=496986"}],"curies":[{"name":"wp","href":"https:\/\/api.w.org\/{rel}","templated":true}]}}