{"id":496981,"date":"2021-08-24T23:36:57","date_gmt":"2021-08-24T21:36:57","guid":{"rendered":"https:\/\/www.albinfo.ch\/?p=496981"},"modified":"2021-08-24T23:36:57","modified_gmt":"2021-08-24T21:36:57","slug":"lensemble-du-personnel-local-de-la-ddc-et-leurs-familles-ont-pu-etre-evacues-de-kaboul","status":"publish","type":"post","link":"https:\/\/www.albinfo.at\/fr\/lensemble-du-personnel-local-de-la-ddc-et-leurs-familles-ont-pu-etre-evacues-de-kaboul\/","title":{"rendered":"L\u2019ensemble du personnel local de la DDC et leurs familles ont pu \u00eatre \u00e9vacu\u00e9s de Kaboul"},"content":{"rendered":"<div class=\"contentHead\"><\/div>\n<div class=\"mod mod-nsbnewsdetails\">\n<p><strong>L\u2019avion charter affr\u00e9t\u00e9 par le DFAE en provenance de Tachkent a atterri dans la nuit du 24 ao\u00fbt 2021 \u00e0 l\u2019a\u00e9roport de Zurich. Ce vol a permis d\u2019acheminer 219 personnes pr\u00e9c\u00e9demment \u00e9vacu\u00e9es de Kaboul. Parmi elles figuraient 141 membres du personnel local de la DDC et leurs familles. Le reste des employ\u00e9s locaux de la DDC et leurs proches ont d\u00e9j\u00e0 pu quitter la capitale afghane et sont dans l\u2019attente d\u2019\u00eatre rapatri\u00e9s vers la Suisse. Ainsi, l\u2019ensemble du personnel local d\u00e9sirant quitter l\u2019Afghanistan a pu \u00eatre \u00e9vacu\u00e9 de Kaboul. Pour l\u2019heure, 15 ressortissants suisses se trouvent toujours en Afghanistan. La Suisse poursuit ses efforts pour que ces personnes puissent \u00e9galement \u00eatre \u00e9vacu\u00e9es.<\/strong><\/p>\n<p>Le vol charter de la compagnie SWISS \u00e0 destination de Tachkent, qui a d\u00e9coll\u00e9 lundi 22 ao\u00fbt de Zurich, a atterri aujourd\u2019hui, peu apr\u00e8s 1h du matin \u00e0 l\u2019a\u00e9roport de Zurich. Cet avion a pu rapatrier 219 personnes en Suisse, dont 141 membres du personnel local employ\u00e9 par la DDC et leurs familles proches ainsi que 78 passagers de nationalit\u00e9s afghane, allemande et su\u00e9doise. Gr\u00e2ce \u00e0 ce vol, la Suisse a apport\u00e9 une contribution concr\u00e8te aux efforts d\u2019\u00e9vacuation de la communaut\u00e9 internationale. A ce jour, mardi 23 ao\u00fbt, 292 personnes en lien avec la Suisse ont pu quitter l\u2019Afghanistan gr\u00e2ce aux efforts d\u00e9ploy\u00e9s par la Suisse en collaboration avec les pays partenaires, notamment avec l\u2019Allemagne. \u00ab Nous remercions tout particuli\u00e8rement nos amis et voisins allemands pour le grand soutien dans le cadre de cette op\u00e9ration d\u2019\u00e9vacuation \u00bb, a d\u00e9clar\u00e9 le conseiller f\u00e9d\u00e9ral Ignazio Cassis.<\/p>\n<p><strong>Le DFAE poursuit ses efforts<\/strong><br \/>\nL\u2019Ambassade de Suisse \u00e0 Islamabad, qui est comp\u00e9tente en mati\u00e8re consulaire pour l\u2019Afghanistan, maintient \u00e9galement un contact r\u00e9gulier avec les 15 ressortissants suisses qui se trouvent encore en Afghanistan. La Suisse travaille sans rel\u00e2che pour que ces personnes puissent \u00e9galement quitter le pays.<\/p>\n<p><strong>R\u00e9partition des ressortissants afghans dans les centres f\u00e9d\u00e9raux pour requ\u00e9rants d\u2019asile<\/strong><br \/>\nLes personnes arriv\u00e9es ce matin en Suisse ont pass\u00e9 \u00e0 l\u2019a\u00e9roport tous les contr\u00f4les pr\u00e9vus (contr\u00f4le des passeports, des personnes et des bagages) avant d\u2019\u00eatre r\u00e9parties, comme \u00e0 l\u2019ordinaire, dans diff\u00e9rents centres d\u2019enregistrement de la Conf\u00e9d\u00e9ration. Ce faisant, les autorit\u00e9s ont veill\u00e9 \u00e0 ne pas s\u00e9parer les familles. Toutes les personnes ont subi un test COVID-19 et les deux d\u2019entre elles dont le test s\u2019est r\u00e9v\u00e9l\u00e9 positif ont imm\u00e9diatement \u00e9t\u00e9 plac\u00e9es en isolement. Un contr\u00f4le de s\u00e9curit\u00e9 avait d\u00e9j\u00e0 \u00e9t\u00e9 men\u00e9 ant\u00e9rieurement, lors de l\u2019engagement de ces personnes par le DFAE sur place. Avant la remise des visas humanitaires par le Secr\u00e9tariat d\u2019\u00c9tat aux migrations (SEM), le Service de renseignement de la Conf\u00e9d\u00e9ration (SRC) a proc\u00e9d\u00e9 \u00e0 un deuxi\u00e8me contr\u00f4le, qui n\u2019a fait appara\u00eetre aucun \u00e9l\u00e9ment de s\u00e9curit\u00e9 pouvant affecter l\u2019entr\u00e9e de ces personnes en Suisse. Au besoin, un troisi\u00e8me contr\u00f4le pourra encore \u00eatre effectu\u00e9 au cas par cas dans un des centres pour requ\u00e9rants d\u2019asile. Il est pr\u00e9vu que les familles restent plusieurs semaines dans les centres de la Conf\u00e9d\u00e9ration avant de rejoindre des h\u00e9bergements cantonaux.<\/p>\n<p><strong>Admission dans le programme de r\u00e9installation de la Suisse<\/strong><br \/>\nParmi les personnes arriv\u00e9es aujourd\u2019hui d\u2019Afghanistan, 132 sont admises en Suisse dans le cadre du programme de r\u00e9installation. Elles b\u00e9n\u00e9ficient du statut de r\u00e9fugi\u00e9s et sont autoris\u00e9es \u00e0 rester en Suisse. En tant que participants au programme de r\u00e9installation, ces r\u00e9fugi\u00e9s ne suivent pas la proc\u00e9dure d\u2019asile habituelle, mais sont uniquement soumis \u00e0 des mesures d\u2019identification (saisie des empreintes digitales, contr\u00f4le de s\u00e9curit\u00e9, etc.). Apr\u00e8s leur arriv\u00e9e dans les cantons, tous les r\u00e9fugi\u00e9s suivent un programme cantonal d\u2019int\u00e9gration. Pour les ann\u00e9es 2022-2023, le Conseil f\u00e9d\u00e9ral a d\u00e9j\u00e0 arr\u00eat\u00e9 un contingent total de 1900 r\u00e9fugi\u00e9s habilit\u00e9s \u00e0 participer au programme de r\u00e9installation.<\/p>\n<p><strong>La Suisse est pr\u00e9occup\u00e9e par la situation en Afghanistan<\/strong><br \/>\nLa Suisse a particip\u00e9 aujourd\u2019hui \u00e0 Gen\u00e8ve \u00e0 une session extraordinaire du Conseil des droits de l\u2019homme sur l\u2019Afghanistan. Elle y a exprim\u00e9 sa vive pr\u00e9occupation quant aux attaques contre les d\u00e9fenseuses et d\u00e9fenseurs des droits de l\u2019homme et les minorit\u00e9s et a soulign\u00e9 l\u2019importance d\u2019enqu\u00eates ind\u00e9pendantes sur les violations des droits de l\u2019homme.<\/p>\n<p>La situation humanitaire en Afghanistan reste tr\u00e8s pr\u00e9occupante. Le niveau \u00e9lev\u00e9 de la violence contribue de mani\u00e8re significative \u00e0 la d\u00e9tresse de la population afghane et augmente le nombre de personnes d\u00e9plac\u00e9es cherchant s\u00e9curit\u00e9 et protection. Face \u00e0 cette d\u00e9tresse, la Suisse a l\u2019intention de poursuivre ses engagements \u00e9galement dans le contexte actuel. Le DFAE \u00e9value actuellement plusieurs appels de grandes organisations internationales. Il d\u00e9cidera ces prochains jours comment aider au mieux les Afghanes et les Afghans, dont les besoins humanitaires sont immenses. Sur une population de 38 millions, 18 millions d\u00e9pendent aujourd\u2019hui de l\u2019aide humanitaire. Ce chiffre a doubl\u00e9 depuis le d\u00e9but de cette ann\u00e9e.<\/p>\n<p>Outre les besoins humanitaires \u00e0 court terme, les perspectives \u00e0 moyen et long terme sont \u00e9galement importantes. Enfin, sur le plan diplomatique, la Suisse est \u00e9galement pr\u00eate \u00e0 offrir ses bons offices, que ce soit en tant qu\u2019\u00c9tat h\u00f4te, dans le cadre d\u2019une conf\u00e9rence internationale ou par la facilitation de discussions entre les parties.<\/p>\n<\/div>\n","protected":false},"excerpt":{"rendered":"<p>Pour l\u2019heure, 15 ressortissants suisses se trouvent toujours en Afghanistan. La Suisse poursuit ses efforts pour que ces personnes puissent \u00e9galement \u00eatre \u00e9vacu\u00e9es<\/p>\n","protected":false},"author":4,"featured_media":495135,"comment_status":"open","ping_status":"open","sticky":false,"template":"","format":"standard","meta":{"footnotes":""},"categories":[1171,1170],"tags":[],"vendi":[],"content_country":[],"class_list":["post-496981","post","type-post","status-publish","format-standard","has-post-thumbnail","hentry","category-thematique","category-vivre-en-suisse"],"acf":[],"_links":{"self":[{"href":"https:\/\/www.albinfo.at\/fr\/wp-json\/wp\/v2\/posts\/496981","targetHints":{"allow":["GET"]}}],"collection":[{"href":"https:\/\/www.albinfo.at\/fr\/wp-json\/wp\/v2\/posts"}],"about":[{"href":"https:\/\/www.albinfo.at\/fr\/wp-json\/wp\/v2\/types\/post"}],"author":[{"embeddable":true,"href":"https:\/\/www.albinfo.at\/fr\/wp-json\/wp\/v2\/users\/4"}],"replies":[{"embeddable":true,"href":"https:\/\/www.albinfo.at\/fr\/wp-json\/wp\/v2\/comments?post=496981"}],"version-history":[{"count":0,"href":"https:\/\/www.albinfo.at\/fr\/wp-json\/wp\/v2\/posts\/496981\/revisions"}],"wp:featuredmedia":[{"embeddable":true,"href":"https:\/\/www.albinfo.at\/fr\/wp-json\/wp\/v2\/media\/495135"}],"wp:attachment":[{"href":"https:\/\/www.albinfo.at\/fr\/wp-json\/wp\/v2\/media?parent=496981"}],"wp:term":[{"taxonomy":"category","embeddable":true,"href":"https:\/\/www.albinfo.at\/fr\/wp-json\/wp\/v2\/categories?post=496981"},{"taxonomy":"post_tag","embeddable":true,"href":"https:\/\/www.albinfo.at\/fr\/wp-json\/wp\/v2\/tags?post=496981"},{"taxonomy":"vendi","embeddable":true,"href":"https:\/\/www.albinfo.at\/fr\/wp-json\/wp\/v2\/vendi?post=496981"},{"taxonomy":"content_country","embeddable":true,"href":"https:\/\/www.albinfo.at\/fr\/wp-json\/wp\/v2\/content_country?post=496981"}],"curies":[{"name":"wp","href":"https:\/\/api.w.org\/{rel}","templated":true}]}}