{"id":490847,"date":"2021-07-30T20:46:21","date_gmt":"2021-07-30T18:46:21","guid":{"rendered":"https:\/\/www.albinfo.ch\/?p=490847"},"modified":"2021-07-30T20:46:21","modified_gmt":"2021-07-30T18:46:21","slug":"la-conseillere-federale-simonetta-sommaruga-participe-a-londres-a-la-reunion-sur-le-climat-des-ministres-de-lenvironnement","status":"publish","type":"post","link":"https:\/\/www.albinfo.at\/fr\/la-conseillere-federale-simonetta-sommaruga-participe-a-londres-a-la-reunion-sur-le-climat-des-ministres-de-lenvironnement\/","title":{"rendered":"La conseill\u00e8re f\u00e9d\u00e9rale Simonetta Sommaruga participe \u00e0 Londres \u00e0 la r\u00e9union sur le climat des ministres de l\u2019environnement"},"content":{"rendered":"<div class=\"contentHead\"><\/div>\n<div class=\"mod mod-nsbnewsdetails\">\n<p><strong>La conseill\u00e8re f\u00e9d\u00e9rale Simonetta Sommaruga a particip\u00e9 \u00e0 la rencontre minist\u00e9rielle (July Ministerial) qui s&#8217;est tenue le 25 juillet 2021 \u00e0 Londres. Plus d\u2019une quarantaine de ministres de l\u2019environnement se sont rencontr\u00e9s pour pr\u00e9parer la Conf\u00e9rence des Nations unies sur le climat (COP26) qui aura lieu en novembre. \u00c0 la veille de la rencontre, la conseill\u00e8re f\u00e9d\u00e9rale Simonetta Sommaruga a men\u00e9 divers entretiens bilat\u00e9raux dans le cadre de la Coalition pour une haute ambition (High Ambition Coalition). Cette rencontre minist\u00e9rielle sur le climat \u00e9tait la premi\u00e8re de cette taille \u00e0 se d\u00e9rouler en pr\u00e9sentiel.<\/strong><\/p>\n<p>La 26e Conf\u00e9rence des Nations unies sur le climat (COP26) se tiendra \u00e0 Glasgow, en \u00c9cosse, du 31 octobre au 12 novembre 2021. Dans la perspective de cette conf\u00e9rence, la Suisse s\u2019engage en faveur de r\u00e8gles efficaces et uniformes pour tous les pays. Elle consid\u00e8re \u00e9galement comme primordiales les questions en lien avec les m\u00e9canismes de march\u00e9 et le financement des mesures de protection du climat.<\/p>\n<p>Les \u00e9missions de gaz \u00e0 effet de serre qu\u2019un pays r\u00e9duit dans un autre pays ne devraient pas pouvoir \u00eatre comptabilis\u00e9es dans les deux pays. En outre, la Suisse entend renforcer les investissements dans la protection du climat. Elle continue de s&#8217;engager pour que tous les pays d\u00e9veloppent des strat\u00e9gies afin de devenir climatiquement neutres d\u2019ici 2050. D\u2019ici la COP26, la conseill\u00e8re f\u00e9d\u00e9rale Simonetta Sommaruga et la ministre de l\u2019environnement du Ruanda, Jeanne d\u2018Arc Mujawamariya s\u2019investiront afin que tous les pays formulent leurs objectifs climatiques pour la m\u00eame ann\u00e9e. Le pr\u00e9sident de la COP26, Alok Sharma, a demand\u00e9 aux deux ministres de s\u2019engager sur ce point au niveau minist\u00e9riel.<\/p>\n<p>Tous ces points ont \u00e9galement \u00e9t\u00e9 au centre des entretiens bilat\u00e9raux entre la conseill\u00e8re f\u00e9d\u00e9rale Simonetta Sommaruga et Alok Sharma ainsi que le ministre norv\u00e9gien en charge du climat et de l\u2019environnement, Sveinung Rotevatn. La conseill\u00e8re f\u00e9d\u00e9rale a soulign\u00e9 la n\u00e9cessit\u00e9 de convenir de r\u00e8gles ambitieuses pour mettre en \u0153uvre l\u2019Accord de Paris. La Suisse aspire \u00e0 disposer de r\u00e8gles uniformes et efficaces valables pour tous les pays. La conseill\u00e8re f\u00e9d\u00e9rale Simonetta Sommaruga a \u00e9galement pr\u00e9sent\u00e9 aux autres ministres responsables du climat et de l\u2019environnement les accords bilat\u00e9raux sur le climat que la Suisse a conclus avec le P\u00e9rou, le Ghana et le S\u00e9n\u00e9gal. Avec ces accords, la Suisse montre que de telles r\u00e8gles sont possibles et dans l\u2019int\u00e9r\u00eat de chacun des pays signataires.<\/p>\n<p>Une r\u00e9union des ministres de la Coalition pour une haute ambition (High Ambition Coalition) a aussi \u00e9t\u00e9 l\u2019occasion pour la conseill\u00e8re f\u00e9d\u00e9rale Simonetta Sommaruga de proposer des \u00e9l\u00e9ments concrets en vue d\u2019une d\u00e9cision de la COP26 afin d\u2019inviter tous les pays \u00e0 pr\u00e9senter des objectifs de neutralit\u00e9 climatique pour 2050.<\/p>\n<\/div>\n","protected":false},"excerpt":{"rendered":"<p>D\u2019ici la COP26, la conseill\u00e8re f\u00e9d\u00e9rale Simonetta Sommaruga et la ministre de l\u2019environnement du Ruanda, Jeanne d\u2018Arc Mujawamariya s\u2019investiront afin que tous les pays formulent leurs objectifs climatiques pour la m\u00eame ann\u00e9e<\/p>\n","protected":false},"author":4,"featured_media":364594,"comment_status":"open","ping_status":"open","sticky":false,"template":"","format":"standard","meta":{"footnotes":""},"categories":[1171,1170],"tags":[],"vendi":[],"content_country":[],"class_list":["post-490847","post","type-post","status-publish","format-standard","has-post-thumbnail","hentry","category-thematique","category-vivre-en-suisse"],"acf":[],"_links":{"self":[{"href":"https:\/\/www.albinfo.at\/fr\/wp-json\/wp\/v2\/posts\/490847","targetHints":{"allow":["GET"]}}],"collection":[{"href":"https:\/\/www.albinfo.at\/fr\/wp-json\/wp\/v2\/posts"}],"about":[{"href":"https:\/\/www.albinfo.at\/fr\/wp-json\/wp\/v2\/types\/post"}],"author":[{"embeddable":true,"href":"https:\/\/www.albinfo.at\/fr\/wp-json\/wp\/v2\/users\/4"}],"replies":[{"embeddable":true,"href":"https:\/\/www.albinfo.at\/fr\/wp-json\/wp\/v2\/comments?post=490847"}],"version-history":[{"count":0,"href":"https:\/\/www.albinfo.at\/fr\/wp-json\/wp\/v2\/posts\/490847\/revisions"}],"wp:featuredmedia":[{"embeddable":true,"href":"https:\/\/www.albinfo.at\/fr\/wp-json\/wp\/v2\/media\/364594"}],"wp:attachment":[{"href":"https:\/\/www.albinfo.at\/fr\/wp-json\/wp\/v2\/media?parent=490847"}],"wp:term":[{"taxonomy":"category","embeddable":true,"href":"https:\/\/www.albinfo.at\/fr\/wp-json\/wp\/v2\/categories?post=490847"},{"taxonomy":"post_tag","embeddable":true,"href":"https:\/\/www.albinfo.at\/fr\/wp-json\/wp\/v2\/tags?post=490847"},{"taxonomy":"vendi","embeddable":true,"href":"https:\/\/www.albinfo.at\/fr\/wp-json\/wp\/v2\/vendi?post=490847"},{"taxonomy":"content_country","embeddable":true,"href":"https:\/\/www.albinfo.at\/fr\/wp-json\/wp\/v2\/content_country?post=490847"}],"curies":[{"name":"wp","href":"https:\/\/api.w.org\/{rel}","templated":true}]}}