{"id":490685,"date":"2021-07-30T14:50:23","date_gmt":"2021-07-30T12:50:23","guid":{"rendered":"https:\/\/www.albinfo.ch\/?p=490685"},"modified":"2021-07-30T14:31:15","modified_gmt":"2021-07-30T12:31:15","slug":"sommet-mondial-sur-leducation-la-suisse-annonce-son-soutien-au-partenariat-mondial-pour-leducation-pour-la-periode-2021-2025","status":"publish","type":"post","link":"https:\/\/www.albinfo.at\/fr\/sommet-mondial-sur-leducation-la-suisse-annonce-son-soutien-au-partenariat-mondial-pour-leducation-pour-la-periode-2021-2025\/","title":{"rendered":"Sommet mondial sur l\u2019\u00e9ducation: la Suisse annonce son soutien au Partenariat mondial pour l\u2019\u00e9ducation pour la p\u00e9riode 2021-2025"},"content":{"rendered":"<div class=\"contentHead\"><\/div>\n<div class=\"mod mod-nsbnewsdetails\">\n<p><strong>\u00c0 l\u2019occasion de la conf\u00e9rence de reconstitution du fonds du Partenariat mondial pour l\u2019\u00e9ducation (PME) des 28-29 juillet 2021 \u00e0 Londres, la Suisse a annonc\u00e9 une contribution de 52 millions de francs pour la p\u00e9riode 2021-2025. L\u2019engagement pour des syst\u00e8mes \u00e9ducatifs \u00e9quitables, inclusifs et r\u00e9silients aux crises est l\u2019une des priorit\u00e9s de la Suisse au sein du PME.<\/strong><\/p>\n<p>\u00abRaise your hand\/ L\u00e8ve la main\u00bb pour acc\u00e9l\u00e9rer l\u2019acc\u00e8s \u00e0 une \u00e9ducation de qualit\u00e9 dans les pays en d\u00e9veloppement, o\u00f9 la crise \u00e9ducative a \u00e9t\u00e9 aggrav\u00e9e par la pand\u00e9mie du Covid-19: tel est en substance l\u2019appel lanc\u00e9 par le PME, le plus grand fonds au monde d\u00e9di\u00e9 au renforcement et au financement de l\u2019\u00e9ducation dans les pays \u00e0 faible revenu. Le 11 juin 2021, le Conseil f\u00e9d\u00e9ral avait d\u00e9cid\u00e9 de renouveler sa contribution au fonds \u00e0 hauteur de 52 millions de francs. Ce soutien a aujourd\u2019hui \u00e9t\u00e9 annonc\u00e9 lors du Sommet mondial sur l\u2019\u00e9ducation tenu \u00e0 Londres par Patricia Danzi, directrice de la Direction du d\u00e9veloppement et de la coop\u00e9ration (DDC) du D\u00e9partement f\u00e9d\u00e9ral des affaires \u00e9trang\u00e8res (DFAE). \u00abSans \u00e9ducation, il n\u2019y a pas d\u2019\u00e9galit\u00e9, pas de prosp\u00e9rit\u00e9, pas de d\u00e9veloppement durable\u00bb a affirm\u00e9 Patricia Danzi. Dans l\u2019Agenda 2030, le PME occupe une position essentielle dans la mise en \u0153uvre de son Objectif de d\u00e9veloppement durable li\u00e9 \u00e0 l\u2019\u00e9ducation. Il est \u00e9galement le fonds multilat\u00e9ral prioritaire d\u00e9di\u00e9 \u00e0 l\u2019\u00e9ducation de la strat\u00e9gie de coop\u00e9ration internationale 2021-24 de la Suisse.<\/p>\n<p><strong>Les objectifs de la Suisse partag\u00e9s au niveau multilat\u00e9ral<\/strong><br \/>\nMalgr\u00e9 des efforts renouvel\u00e9s pour accro\u00eetre l\u2019acc\u00e8s universel \u00e0 une \u00e9ducation primaire et secondaire de qualit\u00e9, 258 millions d\u2019enfants et de jeunes en sont encore aujourd\u2019hui priv\u00e9s selon les Nations Unies, dont 127 millions vivent dans des contextes de crise et de conflit. De surcro\u00eet, la qualit\u00e9 de l\u2019\u00e9ducation reste encore souvent un d\u00e9fi: en Afrique subsaharienne par exemple, pr\u00e8s de 60% des \u00e9l\u00e8ves ne savent ni lire ni \u00e9crire \u00e0 la fin de l\u2019\u00e9cole primaire selon la Banque Mondiale. Enfin, on estime que la moiti\u00e9 de la population africaine aura moins de 15 ans d\u2019ici 2050, rendant d\u2019autant plus imp\u00e9rative la n\u00e9cessit\u00e9 d\u2019acc\u00e9l\u00e9rer l\u2019inclusion et la qualit\u00e9 de l\u2019\u00e9ducation.<\/p>\n<p>Dans sa strat\u00e9gie de coop\u00e9ration internationale, la Suisse reconna\u00eet que l\u2019\u00e9ducation constitue une composante essentielle du d\u00e9veloppement humain. Levier d\u00e9terminant dans la r\u00e9duction de la pauvret\u00e9, elle est \u00e0 la base de l\u2019\u00e9galit\u00e9 de genre, d\u2019une participation \u00e9quitable \u00e0 la vie sociale et politique et du d\u00e9veloppement \u00e9conomique. Renforcement de l\u2019\u00e9ducation publique, \u00e9galit\u00e9 des chances ainsi que mobilisation des acteurs publiques et priv\u00e9s pour l\u2019innovation et le financement de l\u2019\u00e9ducation sont plusieurs des priorit\u00e9s que la Suisse partage avec les objectifs du PME.<\/p>\n<p><strong>Priorit\u00e9 de la Suisse au sein du PME pour la p\u00e9riode 2021-2025<\/strong><br \/>\nPour la p\u00e9riode 2021-2025, le dialogue men\u00e9 par la Suisse au sein du Conseil d\u2019Administration du PME agit notamment pour l\u2019inclusion par les syst\u00e8mes \u00e9ducatifs des enfants marginalis\u00e9s issus de minorit\u00e9 ou r\u00e9fugi\u00e9s, l\u2019\u00e9ducation des filles ou encore le renforcement de l\u2019articulation entre l\u2019aide humanitaire et l\u2019aide au d\u00e9veloppement. Ce \u00abnexus\u00bb vise \u00e0 garantir aux enfants l\u2019acc\u00e8s \u00e0 une \u00e9ducation de qualit\u00e9 aussi pendant les crises humanitaires et les conflits. Suite \u00e0 la fermeture des \u00e9coles caus\u00e9e par la pand\u00e9mie de Covid-19, l\u2019UNESCO estime que plus de 20 millions d\u2019enfants risquent d\u2019abandonner l\u2019\u00e9cole et que l\u2019aide totale \u00e0 l\u2019\u00e9ducation risque de diminuer de 12% d\u2019ici 2022 en raison des cons\u00e9quences \u00e9conomiques de la pand\u00e9mie. Le principe \u00abLeave No One Behind\u00bb guide l\u2019action en faveur d\u2019un acc\u00e8s \u00e0 une \u00e9ducation \u00e9quitable et de qualit\u00e9. L\u2019accroissement du financement en \u00e9ducation, une gouvernance plus efficace et des contenus d\u2019\u00e9ducation pertinents pour le d\u00e9veloppement durable sont d\u2019autres accents mis par la Suisse dans son action au PME.<\/p>\n<p>Le PME a pour partenaires pr\u00e8s de 70 pays en d\u00e9veloppement, une trentaine de bailleurs de fond, des organisations multilat\u00e9rales, des ONG et autres organisations de la soci\u00e9t\u00e9 civile tels que des syndicats d\u2019enseignants, des fondations et des entreprises issues du secteur priv\u00e9. En r\u00e9ponse \u00e0 la pand\u00e9mie de Covid-19, le PME a mobilis\u00e9 un montant de 500 millions de dollars qui a permis de poursuivre la scolarisation de pr\u00e8s de 355 millions d\u2019\u00e9l\u00e8ves. La Suisse apporte un soutien financier \u00e0 ce fonds depuis 2009.<\/p>\n<\/div>\n","protected":false},"excerpt":{"rendered":"<p>\u00abRaise your hand\/ L\u00e8ve la main\u00bb pour acc\u00e9l\u00e9rer l\u2019acc\u00e8s \u00e0 une \u00e9ducation de qualit\u00e9 dans les pays en d\u00e9veloppement, o\u00f9 la crise \u00e9ducative a \u00e9t\u00e9 aggrav\u00e9e par la pand\u00e9mie du Covid-19: tel est en substance l\u2019appel lanc\u00e9 par le PME, le plus grand fonds au monde d\u00e9di\u00e9 au renforcement et au financement de l\u2019\u00e9ducation dans les pays \u00e0 faible revenu<\/p>\n","protected":false},"author":4,"featured_media":360724,"comment_status":"open","ping_status":"open","sticky":false,"template":"","format":"standard","meta":{"footnotes":""},"categories":[1171,1170],"tags":[],"vendi":[],"content_country":[31835,31838,31840],"class_list":["post-490685","post","type-post","status-publish","format-standard","has-post-thumbnail","hentry","category-thematique","category-vivre-en-suisse","content_country-austria-fr","content_country-germany-fr","content_country-zvicer-fr"],"acf":[],"_links":{"self":[{"href":"https:\/\/www.albinfo.at\/fr\/wp-json\/wp\/v2\/posts\/490685","targetHints":{"allow":["GET"]}}],"collection":[{"href":"https:\/\/www.albinfo.at\/fr\/wp-json\/wp\/v2\/posts"}],"about":[{"href":"https:\/\/www.albinfo.at\/fr\/wp-json\/wp\/v2\/types\/post"}],"author":[{"embeddable":true,"href":"https:\/\/www.albinfo.at\/fr\/wp-json\/wp\/v2\/users\/4"}],"replies":[{"embeddable":true,"href":"https:\/\/www.albinfo.at\/fr\/wp-json\/wp\/v2\/comments?post=490685"}],"version-history":[{"count":0,"href":"https:\/\/www.albinfo.at\/fr\/wp-json\/wp\/v2\/posts\/490685\/revisions"}],"wp:featuredmedia":[{"embeddable":true,"href":"https:\/\/www.albinfo.at\/fr\/wp-json\/wp\/v2\/media\/360724"}],"wp:attachment":[{"href":"https:\/\/www.albinfo.at\/fr\/wp-json\/wp\/v2\/media?parent=490685"}],"wp:term":[{"taxonomy":"category","embeddable":true,"href":"https:\/\/www.albinfo.at\/fr\/wp-json\/wp\/v2\/categories?post=490685"},{"taxonomy":"post_tag","embeddable":true,"href":"https:\/\/www.albinfo.at\/fr\/wp-json\/wp\/v2\/tags?post=490685"},{"taxonomy":"vendi","embeddable":true,"href":"https:\/\/www.albinfo.at\/fr\/wp-json\/wp\/v2\/vendi?post=490685"},{"taxonomy":"content_country","embeddable":true,"href":"https:\/\/www.albinfo.at\/fr\/wp-json\/wp\/v2\/content_country?post=490685"}],"curies":[{"name":"wp","href":"https:\/\/api.w.org\/{rel}","templated":true}]}}