{"id":490674,"date":"2021-07-30T14:22:16","date_gmt":"2021-07-30T12:22:16","guid":{"rendered":"https:\/\/www.albinfo.ch\/?p=490674"},"modified":"2021-07-30T14:22:16","modified_gmt":"2021-07-30T12:22:16","slug":"rencontre-du-president-guy-parmelin-et-du-conseiller-federal-ueli-maurer-avec-le-secretaire-general-de-locde","status":"publish","type":"post","link":"https:\/\/www.albinfo.at\/fr\/rencontre-du-president-guy-parmelin-et-du-conseiller-federal-ueli-maurer-avec-le-secretaire-general-de-locde\/","title":{"rendered":"Rencontre du pr\u00e9sident Guy Parmelin et du conseiller f\u00e9d\u00e9ral Ueli Maurer avec le secr\u00e9taire g\u00e9n\u00e9ral de l\u2019OCDE"},"content":{"rendered":"<div class=\"contentHead\"><\/div>\n<div class=\"mod mod-nsbnewsdetails\">\n<p><strong>Le pr\u00e9sident de la Conf\u00e9d\u00e9ration Guy Parmelin et le conseiller f\u00e9d\u00e9ral Ueli Maurer ont rencontr\u00e9 Mathias Cormann, secr\u00e9taire g\u00e9n\u00e9ral de l\u2019Organisation de coop\u00e9ration et de d\u00e9veloppement \u00e9conomiques (OCDE), le 29 juillet 2021 \u00e0 Berne. Ils se sont notamment entretenus de la nouvelle Vision d\u2019avenir pour l\u2019OCDE, \u00e0 laquelle la Suisse a activement contribu\u00e9. Dans le cadre d\u2019une discussion bilat\u00e9rale avec le secr\u00e9taire g\u00e9n\u00e9ral de l\u2019OCDE, le conseiller f\u00e9d\u00e9ral Ueli Maurer a rappel\u00e9 les exigences de la Suisse relatives au futur imp\u00f4t minimal mondial sur les entreprises.<\/strong><\/p>\n<p>Mathias Cormann, secr\u00e9taire g\u00e9n\u00e9ral de l\u2019OCDE, qui est entr\u00e9 en fonction le 1er juin 2021, a \u00e9t\u00e9 re\u00e7u \u00e0 Berne le 29 juillet 2021 par le pr\u00e9sident de la Conf\u00e9d\u00e9ration Guy Parmelin et le conseiller f\u00e9d\u00e9ral Ueli Maurer pour un \u00e9change sur les diff\u00e9rents th\u00e8mes actuels de l\u2019OCDE dans le cadre d\u2019une rencontre de travail. Les autorit\u00e9s suisses en ont profit\u00e9 pour souligner la bonne collaboration entre la Suisse et l\u2019OCDE, et se r\u00e9jouissent de la poursuivre avec le nouveau secr\u00e9taire g\u00e9n\u00e9ral Cormann.<\/p>\n<p>Les discussions ont notamment port\u00e9 sur la Vision d\u2019avenir pour l\u2019OCDE, une initiative lanc\u00e9e par la secr\u00e9taire d\u2019\u00c9tat Marie-Gabrielle Ineichen-Fleisch en novembre 2019 lors d\u2019une r\u00e9union du Groupe de strat\u00e9gie globale qu\u2019elle pr\u00e9sidait. Les pays membres ont r\u00e9it\u00e9r\u00e9 dans cette nouvelle Vision l\u2019importance attach\u00e9e aux principes fondateurs de l\u2019OCDE que sont la d\u00e9mocratie bas\u00e9e sur l\u2019\u00c9tat de droit et les droits humains ainsi que les principes d\u2019une \u00e9conomie de march\u00e9 ouverte et transparente. Cette Vision sera adopt\u00e9e par les ministres en octobre 2021 \u00e0 l\u2019occasion du 60e anniversaire de l\u2019OCDE. Par ailleurs, le pr\u00e9sident de la Conf\u00e9d\u00e9ration a relev\u00e9 la qualit\u00e9 et l\u2019utilit\u00e9 des analyses et recommandations de la nouvelle \u00e9tude \u00e9conomique de l\u2019OCDE sur la Suisse, qui sera publi\u00e9e en fin d\u2019ann\u00e9e.<\/p>\n<p>Le conseiller f\u00e9d\u00e9ral Ueli Maurer s\u2019est entretenu avec le secr\u00e9taire g\u00e9n\u00e9ral de l\u2019OCDE des enjeux actuels et futurs de la politique fiscale internationale. Il a saisi l\u2019occasion pour r\u00e9affirmer les conditions auxquelles la Suisse a accept\u00e9 le Cadre inclusif\u00a0: notre pays attend des mesures concr\u00e8tes qui tiennent compte de mani\u00e8re appropri\u00e9e des int\u00e9r\u00eats des petits pays innovants. Il faudrait en outre garantir que tous les pays membres appliquent les r\u00e8gles de fa\u00e7on uniforme et que l\u2019imp\u00f4t minimal repr\u00e9sente une solution \u00e9quilibr\u00e9e entre le taux d\u2019imposition et la base du calcul.<\/p>\n<\/div>\n","protected":false},"excerpt":{"rendered":"<p>Les autorit\u00e9s suisses en ont profit\u00e9 pour souligner la bonne collaboration entre la Suisse et l\u2019OCDE, et se r\u00e9jouissent de la poursuivre avec le nouveau secr\u00e9taire g\u00e9n\u00e9ral Cormann<\/p>\n","protected":false},"author":4,"featured_media":490671,"comment_status":"open","ping_status":"open","sticky":false,"template":"","format":"standard","meta":{"footnotes":""},"categories":[1171,1170],"tags":[],"vendi":[],"content_country":[31835,31838,31840],"class_list":["post-490674","post","type-post","status-publish","format-standard","has-post-thumbnail","hentry","category-thematique","category-vivre-en-suisse","content_country-austria-fr","content_country-germany-fr","content_country-zvicer-fr"],"acf":[],"_links":{"self":[{"href":"https:\/\/www.albinfo.at\/fr\/wp-json\/wp\/v2\/posts\/490674","targetHints":{"allow":["GET"]}}],"collection":[{"href":"https:\/\/www.albinfo.at\/fr\/wp-json\/wp\/v2\/posts"}],"about":[{"href":"https:\/\/www.albinfo.at\/fr\/wp-json\/wp\/v2\/types\/post"}],"author":[{"embeddable":true,"href":"https:\/\/www.albinfo.at\/fr\/wp-json\/wp\/v2\/users\/4"}],"replies":[{"embeddable":true,"href":"https:\/\/www.albinfo.at\/fr\/wp-json\/wp\/v2\/comments?post=490674"}],"version-history":[{"count":0,"href":"https:\/\/www.albinfo.at\/fr\/wp-json\/wp\/v2\/posts\/490674\/revisions"}],"wp:featuredmedia":[{"embeddable":true,"href":"https:\/\/www.albinfo.at\/fr\/wp-json\/wp\/v2\/media\/490671"}],"wp:attachment":[{"href":"https:\/\/www.albinfo.at\/fr\/wp-json\/wp\/v2\/media?parent=490674"}],"wp:term":[{"taxonomy":"category","embeddable":true,"href":"https:\/\/www.albinfo.at\/fr\/wp-json\/wp\/v2\/categories?post=490674"},{"taxonomy":"post_tag","embeddable":true,"href":"https:\/\/www.albinfo.at\/fr\/wp-json\/wp\/v2\/tags?post=490674"},{"taxonomy":"vendi","embeddable":true,"href":"https:\/\/www.albinfo.at\/fr\/wp-json\/wp\/v2\/vendi?post=490674"},{"taxonomy":"content_country","embeddable":true,"href":"https:\/\/www.albinfo.at\/fr\/wp-json\/wp\/v2\/content_country?post=490674"}],"curies":[{"name":"wp","href":"https:\/\/api.w.org\/{rel}","templated":true}]}}