{"id":487276,"date":"2021-07-15T21:06:51","date_gmt":"2021-07-15T19:06:51","guid":{"rendered":"https:\/\/www.albinfo.ch\/?p=487276"},"modified":"2021-07-15T21:06:51","modified_gmt":"2021-07-15T19:06:51","slug":"la-conseillere-federale-karin-keller-sutter-rencontre-ses-homologues-europeens-en-slovenie-pour-parler-securite-et-migrations","status":"publish","type":"post","link":"https:\/\/www.albinfo.at\/fr\/la-conseillere-federale-karin-keller-sutter-rencontre-ses-homologues-europeens-en-slovenie-pour-parler-securite-et-migrations\/","title":{"rendered":"La conseill\u00e8re f\u00e9d\u00e9rale Karin Keller-Sutter rencontre ses homologues europ\u00e9ens en Slov\u00e9nie pour parler s\u00e9curit\u00e9 et migrations"},"content":{"rendered":"<div class=\"contentHead\"><\/div>\n<div class=\"mod mod-nsbnewsdetails\">\n<p><strong>La conseill\u00e8re f\u00e9d\u00e9rale Karin Keller-Sutter s\u2019est entretenue avec ses homologues europ\u00e9ens \u00e0 l\u2019occasion de la r\u00e9union informelle des ministres de la justice et des affaires int\u00e9rieures de l\u2019UE, qui s\u2019est tenue le 15 juillet 2021 en Slov\u00e9nie. Les discussions ont essentiellement port\u00e9 sur la nouvelle strat\u00e9gie Schengen et la coop\u00e9ration en mati\u00e8re de migrations. En tant qu\u2019\u00c9tat associ\u00e9 aux accords de Schengen et Dublin, la Suisse entend apporter une contribution constructive dans ces deux domaines. La cheffe du DFJP a mis cette r\u00e9union \u00e0 profit pour des \u00e9changes bilat\u00e9raux avec plusieurs ministres d\u2019\u00c9tats membres.<\/strong><\/p>\n<p>Les ministres europ\u00e9ens de la justice et des affaires int\u00e9rieures \u00e9taient r\u00e9unis ce 15\u00a0juillet\u00a02021 \u00e0 Kranj, \u00e0 l\u2019invitation de la pr\u00e9sidence slov\u00e8ne du Conseil de l\u2019UE. La politique en mati\u00e8re d\u2019asile et de migrations notamment a \u00e9t\u00e9 au c\u0153ur des discussions. \u00ab\u00a0L\u2019objectif commun doit \u00eatre de mettre en place un syst\u00e8me d\u2019asile solide et cr\u00e9dible, de la protection des fronti\u00e8res ext\u00e9rieures \u00e0 l\u2019examen des demandes d\u2019asile et \u00e0 l\u2019ex\u00e9cution des retours\u00a0\u00bb, a insist\u00e9 la conseill\u00e8re f\u00e9d\u00e9rale, soulignant \u00e9galement l\u2019importance de structures r\u00e9silientes. Le nouveau train de mesures pr\u00e9sent\u00e9 par la Commission europ\u00e9enne il y a bient\u00f4t un an contient de nombreuses propositions susceptibles d\u2019am\u00e9liorer et de renforcer durablement le syst\u00e8me europ\u00e9en de l\u2019asile et des migrations. Tout en d\u00e9plorant l\u2019absence \u00e0 ce jour de consensus sur des \u00e9l\u00e9ments fondamentaux, Madame Keller-Sutter s&#8217;est n\u00e9anmoins f\u00e9licit\u00e9e de la volont\u00e9 affich\u00e9e de la pr\u00e9sidence slov\u00e8ne d\u2019adopter une approche pragmatique et de mettre en \u0153uvre les r\u00e9formes qui ne sont pas contest\u00e9es, sans attendre un accord sur l\u2019ensemble des mesures.<\/p>\n<h3>Poser des jalons dans les domaines de l\u2019asile et des migrations<\/h3>\n<p>La majorit\u00e9 des ministres pr\u00e9sents ont relev\u00e9 que l\u2019heure \u00e9tait venue de renforcer durablement le syst\u00e8me de Schengen et Dublin pour le pr\u00e9parer aux d\u00e9fis \u00e0 venir. Il faut en effet s\u2019attendre \u00e0 ce que la normalisation progressive de la situation sanitaire s\u2019accompagne aussi, de mani\u00e8re g\u00e9n\u00e9rale, d\u2019une augmentation des flux migratoires. \u00ab\u00a0Nous devons trouver le juste \u00e9quilibre entre libert\u00e9 de mouvement dans l\u2019espace Schengen et sauvegarde de la s\u00e9curit\u00e9. Une protection efficace des fronti\u00e8res ext\u00e9rieures constitue un pilier important de cette politique. Notre continent doit \u00eatre en mesure d\u2019identifier les personnes qui entrent sur le sol europ\u00e9en\u00a0\u00bb, a affirm\u00e9 la conseill\u00e8re f\u00e9d\u00e9rale.<\/p>\n<h3>P\u00e9renniser les avantages de l\u2019espace Schengen<\/h3>\n<p>La nouvelle strat\u00e9gie Schengen pr\u00e9sent\u00e9e par la Commission europ\u00e9enne vise \u00e0 p\u00e9renniser les avantages offerts par cet espace. L\u2019id\u00e9e est d\u2019am\u00e9liorer la protection des fronti\u00e8res ext\u00e9rieures, d\u2019intensifier la coop\u00e9ration polici\u00e8re et de renforcer la s\u00e9curit\u00e9 et la gestion des migrations. L\u2019interop\u00e9rabilit\u00e9 des syst\u00e8mes d\u2019information utilis\u00e9s pour g\u00e9rer les fronti\u00e8res et les flux migratoires, ainsi que la num\u00e9risation des proc\u00e9dures relatives aux demandes de visas et aux documents de voyage, doivent garantir une gestion efficace des fronti\u00e8res ext\u00e9rieures de l\u2019UE avec, \u00e0 la cl\u00e9, une plus grande s\u00e9curit\u00e9 au sein de l\u2019espace Schengen. La Suisse se r\u00e9jouit des efforts en ce sens de la Commission et des \u00c9tats Schengen, et entend apporter une contribution constructive aux discussions dans ce domaine.<\/p>\n<h3>\u00c9changes avec des homologues europ\u00e9ens<\/h3>\n<p>La conseill\u00e8re f\u00e9d\u00e9rale a mis \u00e0 profit la r\u00e9union en Slov\u00e9nie pour des rencontres bilat\u00e9rales.\u00ab\u00a0Notre message est clair\u00a0: nous nous engageons pour une r\u00e9forme durable du syst\u00e8me Dublin, qui doit devenir plus r\u00e9silient et permettre un partage \u00e9quitable des responsabilit\u00e9s. Nous ne pouvons plus subir la crise migratoire comme en 2015. L\u2019heure est au compromis et aux solutions concr\u00e8tes. Nous devons avancer ensemble\u00a0\u00bb, a rappel\u00e9 Madame Keller-Sutter.La cheffe du DFJP a \u00e9galement rencontr\u00e9 ses homologues danois, n\u00e9erlandais, espagnol et chypriote. Elle s\u2019est aussi entretenue avec le ministre slov\u00e8ne de l\u2019int\u00e9rieur.<\/p>\n<\/div>\n","protected":false},"excerpt":{"rendered":"<p>Les ministres europ\u00e9ens de la justice et des affaires int\u00e9rieures \u00e9taient r\u00e9unis ce 15\u00a0juillet\u00a02021 \u00e0 Kranj, \u00e0 l\u2019invitation de la pr\u00e9sidence slov\u00e8ne du Conseil de l\u2019UE<\/p>\n","protected":false},"author":4,"featured_media":419512,"comment_status":"open","ping_status":"open","sticky":false,"template":"","format":"standard","meta":{"footnotes":""},"categories":[1171,1170],"tags":[],"vendi":[],"content_country":[],"class_list":["post-487276","post","type-post","status-publish","format-standard","has-post-thumbnail","hentry","category-thematique","category-vivre-en-suisse"],"acf":[],"_links":{"self":[{"href":"https:\/\/www.albinfo.at\/fr\/wp-json\/wp\/v2\/posts\/487276","targetHints":{"allow":["GET"]}}],"collection":[{"href":"https:\/\/www.albinfo.at\/fr\/wp-json\/wp\/v2\/posts"}],"about":[{"href":"https:\/\/www.albinfo.at\/fr\/wp-json\/wp\/v2\/types\/post"}],"author":[{"embeddable":true,"href":"https:\/\/www.albinfo.at\/fr\/wp-json\/wp\/v2\/users\/4"}],"replies":[{"embeddable":true,"href":"https:\/\/www.albinfo.at\/fr\/wp-json\/wp\/v2\/comments?post=487276"}],"version-history":[{"count":0,"href":"https:\/\/www.albinfo.at\/fr\/wp-json\/wp\/v2\/posts\/487276\/revisions"}],"wp:featuredmedia":[{"embeddable":true,"href":"https:\/\/www.albinfo.at\/fr\/wp-json\/wp\/v2\/media\/419512"}],"wp:attachment":[{"href":"https:\/\/www.albinfo.at\/fr\/wp-json\/wp\/v2\/media?parent=487276"}],"wp:term":[{"taxonomy":"category","embeddable":true,"href":"https:\/\/www.albinfo.at\/fr\/wp-json\/wp\/v2\/categories?post=487276"},{"taxonomy":"post_tag","embeddable":true,"href":"https:\/\/www.albinfo.at\/fr\/wp-json\/wp\/v2\/tags?post=487276"},{"taxonomy":"vendi","embeddable":true,"href":"https:\/\/www.albinfo.at\/fr\/wp-json\/wp\/v2\/vendi?post=487276"},{"taxonomy":"content_country","embeddable":true,"href":"https:\/\/www.albinfo.at\/fr\/wp-json\/wp\/v2\/content_country?post=487276"}],"curies":[{"name":"wp","href":"https:\/\/api.w.org\/{rel}","templated":true}]}}