{"id":484693,"date":"2021-07-04T22:50:40","date_gmt":"2021-07-04T20:50:40","guid":{"rendered":"https:\/\/www.albinfo.ch\/?p=484693"},"modified":"2021-07-04T22:50:40","modified_gmt":"2021-07-04T20:50:40","slug":"environnement-de-taux-dinteret-bas-plu-sieurs-etudes-du-seco-en-expliquent-les-causes-et-les-effets","status":"publish","type":"post","link":"https:\/\/www.albinfo.at\/fr\/environnement-de-taux-dinteret-bas-plu-sieurs-etudes-du-seco-en-expliquent-les-causes-et-les-effets\/","title":{"rendered":"Environnement de taux d\u2019int\u00e9r\u00eat bas : plu-sieurs \u00e9tudes du SECO en expliquent les causes et les effets"},"content":{"rendered":"<div class=\"contentHead\"><\/div>\n<div class=\"mod mod-nsbnewsdetails\">\n<p><strong>Les taux d\u2019int\u00e9r\u00eat sont tomb\u00e9s \u00e0 des niveaux historiquement bas en Suisse comme ailleurs dans le monde. C\u2019\u00e9tait l\u2019objet de six \u00e9tudes command\u00e9es par le Secr\u00e9tariat d\u2019\u00c9tat \u00e0 l\u2019\u00e9conomie (SECO), dont les conclusions ont \u00e9t\u00e9 pr\u00e9sent\u00e9es \u00e0 Berne le 30 juin 2021. Ces travaux mettent en lumi\u00e8re les causes et les effets de la faiblesse actuelle des taux d\u2019int\u00e9r\u00eat.<\/strong><\/p>\n<p>Aujourd\u2019hui, la Suisse n\u2019est plus une \u00eele affichant des taux d\u2019int\u00e9r\u00eat nettement plus bas qu\u2019ailleurs : l\u2019\u00e9cart entre nos taux et ceux des autres pays s\u2019est consid\u00e9rablement resserr\u00e9, surtout en termes r\u00e9els (c.-\u00e0-d. corrig\u00e9s de l\u2019inflation).<\/p>\n<p>Les taux d\u2019int\u00e9r\u00eat r\u00e9els suisses sont fortement influenc\u00e9s par les taux r\u00e9els mondiaux. La baisse des taux d\u2019int\u00e9r\u00eat tient donc probablement \u00e0 des facteurs \u00ab globaux \u00bb tels que l\u2019int\u00e9gration de la Chine dans l\u2019\u00e9conomie mondiale, la croissance d\u00e9mographique mondiale ou le ralentissement de la croissance de la productivit\u00e9. Les \u00e9tudes rel\u00e8vent en outre que les ten-dances d\u00e9mographiques en Suisse ont \u00e9galement contribu\u00e9 \u00e0 la baisse des taux d\u2019int\u00e9r\u00eat.<\/p>\n<p>Sur le plan des effets, les auteurs des \u00e9tudes concluent que ce ph\u00e9nom\u00e8ne a tr\u00e8s vraisemblablement stimul\u00e9 les investissements des entreprises. Par contre, les m\u00e9nages priv\u00e9s ont report\u00e9 certains achats importants (meubles, appareils m\u00e9nagers, etc.). Les taux d\u2019int\u00e9r\u00eat bas ont par ailleurs eu un impact sur le secteur public : la diminution du co\u00fbt de la dette a permis aux cantons d\u2019accro\u00eetre leurs investissements dans la construction et la formation, sans que des r\u00e8gles budg\u00e9taires parfois strictes ne constituent un obstacle.<\/p>\n<\/div>\n","protected":false},"excerpt":{"rendered":"<p>Aujourd\u2019hui, la Suisse n\u2019est plus une \u00eele affichant des taux d\u2019int\u00e9r\u00eat nettement plus bas qu\u2019ailleurs : l\u2019\u00e9cart entre nos taux et ceux des autres pays s\u2019est consid\u00e9rablement resserr\u00e9, surtout en termes r\u00e9els<\/p>\n","protected":false},"author":4,"featured_media":396942,"comment_status":"open","ping_status":"open","sticky":false,"template":"","format":"standard","meta":{"footnotes":""},"categories":[1171,1170],"tags":[],"vendi":[],"content_country":[],"class_list":["post-484693","post","type-post","status-publish","format-standard","has-post-thumbnail","hentry","category-thematique","category-vivre-en-suisse"],"acf":[],"_links":{"self":[{"href":"https:\/\/www.albinfo.at\/fr\/wp-json\/wp\/v2\/posts\/484693","targetHints":{"allow":["GET"]}}],"collection":[{"href":"https:\/\/www.albinfo.at\/fr\/wp-json\/wp\/v2\/posts"}],"about":[{"href":"https:\/\/www.albinfo.at\/fr\/wp-json\/wp\/v2\/types\/post"}],"author":[{"embeddable":true,"href":"https:\/\/www.albinfo.at\/fr\/wp-json\/wp\/v2\/users\/4"}],"replies":[{"embeddable":true,"href":"https:\/\/www.albinfo.at\/fr\/wp-json\/wp\/v2\/comments?post=484693"}],"version-history":[{"count":0,"href":"https:\/\/www.albinfo.at\/fr\/wp-json\/wp\/v2\/posts\/484693\/revisions"}],"wp:featuredmedia":[{"embeddable":true,"href":"https:\/\/www.albinfo.at\/fr\/wp-json\/wp\/v2\/media\/396942"}],"wp:attachment":[{"href":"https:\/\/www.albinfo.at\/fr\/wp-json\/wp\/v2\/media?parent=484693"}],"wp:term":[{"taxonomy":"category","embeddable":true,"href":"https:\/\/www.albinfo.at\/fr\/wp-json\/wp\/v2\/categories?post=484693"},{"taxonomy":"post_tag","embeddable":true,"href":"https:\/\/www.albinfo.at\/fr\/wp-json\/wp\/v2\/tags?post=484693"},{"taxonomy":"vendi","embeddable":true,"href":"https:\/\/www.albinfo.at\/fr\/wp-json\/wp\/v2\/vendi?post=484693"},{"taxonomy":"content_country","embeddable":true,"href":"https:\/\/www.albinfo.at\/fr\/wp-json\/wp\/v2\/content_country?post=484693"}],"curies":[{"name":"wp","href":"https:\/\/api.w.org\/{rel}","templated":true}]}}