{"id":484672,"date":"2021-07-04T22:15:50","date_gmt":"2021-07-04T20:15:50","guid":{"rendered":"https:\/\/www.albinfo.ch\/?p=484672"},"modified":"2021-07-04T22:06:48","modified_gmt":"2021-07-04T20:06:48","slug":"suisse-et-ue-reconnaissance-reciproque-des-droits-des-passagers-en-transport-public","status":"publish","type":"post","link":"https:\/\/www.albinfo.at\/fr\/suisse-et-ue-reconnaissance-reciproque-des-droits-des-passagers-en-transport-public\/","title":{"rendered":"Suisse et UE : reconnaissance r\u00e9ciproque des droits des passagers en transport public"},"content":{"rendered":"<div class=\"contentHead\"><\/div>\n<div class=\"mod mod-nsbnewsdetails\">\n<p>Depuis le d\u00e9but de l\u2019ann\u00e9e 2021, les passagers des transports publics en Suisse ont un droit l\u00e9gal \u00e0 indemnisation en cas de retards importants. Auparavant, les entreprises de transport versaient des d\u00e9dommagements sur une base volontaire en cas de non-respect de l\u2019horaire. Le Parlement a cr\u00e9\u00e9 les bases l\u00e9gales des droits des passagers avec la loi f\u00e9d\u00e9rale sur l\u2019organisation de l\u2019infrastructure ferroviaire (OBI), et le Conseil f\u00e9d\u00e9ral a pr\u00e9cis\u00e9 les dispositions en mai 2020 dans le cadre d\u2019une ordonnance.<\/p>\n<p>Lors de la 39e r\u00e9union du Comit\u00e9 des transports terrestres Communaut\u00e9\/Suisse (Comit\u00e9 mixte), qui s\u2019est tenue le 30 juin, les deux d\u00e9l\u00e9gations ont d\u00e9cid\u00e9 d\u2019int\u00e9grer les nouveaux droits des passagers dans l\u2019annexe 1 de l\u2019accord sur les transports terrestres. L\u2019UE reconna\u00eet ainsi l\u2019\u00e9quivalence de la r\u00e9glementation suisse.<\/p>\n<p>En outre, le Comit\u00e9 mixte a d\u00e9cid\u00e9 de poursuivre la mise au net des sp\u00e9cifications techniques d\u2019interop\u00e9rabilit\u00e9 du syst\u00e8me ferroviaire transeurop\u00e9en (STI). Ces STI font \u00e9galement partie de l\u2019annexe 1 de l\u2019accord sur les transports terrestres. La Suisse et les Etats membres de l\u2019UE s\u2019efforcent de r\u00e9duire autant que possible les r\u00e8gles nationales sp\u00e9cifiques ou de les int\u00e9grer dans des sp\u00e9cifications europ\u00e9ennes harmonis\u00e9es conjointement, ce qui permet d\u2019optimiser encore l\u2019interop\u00e9rabilit\u00e9 et la fluidit\u00e9 du transport ferroviaire entre la Suisse et l\u2019UE.<\/p>\n<p>En raison des contraintes li\u00e9es \u00e0 la pand\u00e9mie de COVID-19, la 39e r\u00e9union du Comit\u00e9 mixte s\u2019est tenue par vid\u00e9oconf\u00e9rence. La r\u00e9union \u00e9tait pr\u00e9sid\u00e9e par Kristian Schmidt, directeur des transports terrestres \u00e0 la Commission europ\u00e9enne. La d\u00e9l\u00e9gation suisse \u00e9tait conduite par Peter F\u00fcglistaler, directeur de l\u2019Office f\u00e9d\u00e9ral des transports (OFT). La prochaine r\u00e9union du comit\u00e9 mixte est pr\u00e9vue pour d\u00e9cembre \u00e0 Bruxelles.<\/p>\n<\/div>\n","protected":false},"excerpt":{"rendered":"<p>La Suisse et l\u2019UE reconnaissent l\u2019\u00e9quivalence des droits des passagers dans les transports publics. Lors de sa r\u00e9union du 30 juin 2021, le Comit\u00e9 mixte Suisse\/UE des transports terrestres a int\u00e9gr\u00e9 les dispositions ad hoc dans l\u2019annexe de l\u2019accord sur les transports terrestres<\/p>\n","protected":false},"author":4,"featured_media":439561,"comment_status":"open","ping_status":"open","sticky":false,"template":"","format":"standard","meta":{"footnotes":""},"categories":[1171,1170],"tags":[],"vendi":[],"content_country":[],"class_list":["post-484672","post","type-post","status-publish","format-standard","has-post-thumbnail","hentry","category-thematique","category-vivre-en-suisse"],"acf":[],"_links":{"self":[{"href":"https:\/\/www.albinfo.at\/fr\/wp-json\/wp\/v2\/posts\/484672","targetHints":{"allow":["GET"]}}],"collection":[{"href":"https:\/\/www.albinfo.at\/fr\/wp-json\/wp\/v2\/posts"}],"about":[{"href":"https:\/\/www.albinfo.at\/fr\/wp-json\/wp\/v2\/types\/post"}],"author":[{"embeddable":true,"href":"https:\/\/www.albinfo.at\/fr\/wp-json\/wp\/v2\/users\/4"}],"replies":[{"embeddable":true,"href":"https:\/\/www.albinfo.at\/fr\/wp-json\/wp\/v2\/comments?post=484672"}],"version-history":[{"count":0,"href":"https:\/\/www.albinfo.at\/fr\/wp-json\/wp\/v2\/posts\/484672\/revisions"}],"wp:featuredmedia":[{"embeddable":true,"href":"https:\/\/www.albinfo.at\/fr\/wp-json\/wp\/v2\/media\/439561"}],"wp:attachment":[{"href":"https:\/\/www.albinfo.at\/fr\/wp-json\/wp\/v2\/media?parent=484672"}],"wp:term":[{"taxonomy":"category","embeddable":true,"href":"https:\/\/www.albinfo.at\/fr\/wp-json\/wp\/v2\/categories?post=484672"},{"taxonomy":"post_tag","embeddable":true,"href":"https:\/\/www.albinfo.at\/fr\/wp-json\/wp\/v2\/tags?post=484672"},{"taxonomy":"vendi","embeddable":true,"href":"https:\/\/www.albinfo.at\/fr\/wp-json\/wp\/v2\/vendi?post=484672"},{"taxonomy":"content_country","embeddable":true,"href":"https:\/\/www.albinfo.at\/fr\/wp-json\/wp\/v2\/content_country?post=484672"}],"curies":[{"name":"wp","href":"https:\/\/api.w.org\/{rel}","templated":true}]}}