{"id":484664,"date":"2021-07-04T21:51:58","date_gmt":"2021-07-04T19:51:58","guid":{"rendered":"https:\/\/www.albinfo.ch\/?p=484664"},"modified":"2021-07-04T21:51:58","modified_gmt":"2021-07-04T19:51:58","slug":"declarations-deffets-indesirables-presumes-de-vaccins-contre-le-covid-19-evaluees-en-suisse","status":"publish","type":"post","link":"https:\/\/www.albinfo.at\/fr\/declarations-deffets-indesirables-presumes-de-vaccins-contre-le-covid-19-evaluees-en-suisse\/","title":{"rendered":"D\u00e9clarations d\u2019effets ind\u00e9sirables pr\u00e9sum\u00e9s de vaccins contre le Covid-19 \u00e9valu\u00e9es en Suisse"},"content":{"rendered":"<div class=\"contentHead\"><\/div>\n<div class=\"mod mod-nsbnewsdetails\">\n<p><strong>En date du 29 juin 2021, 3 419 d\u00e9clarations d\u2019effets ind\u00e9sirables pr\u00e9sum\u00e9s de vaccins (EIV) contre le Covid-19 avaient \u00e9t\u00e9 \u00e9valu\u00e9es en Suisse. La plupart des d\u00e9clarations mentionnent plus d\u2019une r\u00e9action. Au total, 2 125 (62,2 %) soit la majorit\u00e9, rapportaient des effets ind\u00e9sirables non graves, tandis que 1 294 (37,8 %) d\u00e9clarations \u00e9voquaient des effets graves.<\/strong><\/p>\n<p>La plupart des d\u00e9clarations \u00e9manaient de professionnels de la sant\u00e9, et\u00a0632 (18,5 %) provenaient directement de personnes concern\u00e9es ou de patients. Les personnes concern\u00e9es \u00e9taient \u00e2g\u00e9es en moyenne de 62 ans (au sein d\u2019une fourchette allant de 16 \u00e0 101 ans), et parmi elles, 30,3 % avaient 75 ans ou plus. Dans les cas consid\u00e9r\u00e9s comme graves l\u2019\u00e2ge moyen \u00e9tait de 65,2 ans, et dans les d\u00e9clarations faisant \u00e9tat de d\u00e9c\u00e8s concomitants \u00e0 la vaccination la moyenne s\u2019\u00e9tablissait \u00e0 80,6 ans.<\/p>\n<p>La majorit\u00e9 des d\u00e9clarations concernaient des femmes (67,4 %), les hommes comptaient pour 29,4 % des cas, et les 3,2 % restants ne mentionnaient pas le sexe de la personne. Au total, 1 377 (40,3 %) d\u00e9clarations concernaient le vaccin Comirnaty\u00ae de Pfizer\/BioNTech et 1 983 (58 %), le vaccin contre le Covid-19 de Moderna. Dans 59 (1,7 %) d\u00e9clarations, le vaccin qui avait \u00e9t\u00e9 administr\u00e9 n\u2019\u00e9tait pas pr\u00e9cis\u00e9.<\/p>\n<p>Les d\u00e9clarations d\u2019effets ind\u00e9sirables que l\u2019institut a re\u00e7ues et analys\u00e9es jusqu\u2019\u00e0 pr\u00e9sent ne modifient pas le profil b\u00e9n\u00e9fice-risque positif des vaccins contre le Covid-19 utilis\u00e9s en Suisse. Les EI connus de ces vaccins sont mentionn\u00e9s dans les textes de l\u2019information concernant le m\u00e9dicament, qui sont publi\u00e9s sur www.swissmedicinfo.ch et mis \u00e0 jour en permanence.<\/p>\n<\/div>\n","protected":false},"excerpt":{"rendered":"<p>Au total, 2 125 (62,2 %) soit la majorit\u00e9, rapportaient des effets ind\u00e9sirables non graves, tandis que 1 294 (37,8 %) d\u00e9clarations \u00e9voquaient des effets graves<\/p>\n","protected":false},"author":4,"featured_media":464249,"comment_status":"open","ping_status":"open","sticky":false,"template":"","format":"standard","meta":{"footnotes":""},"categories":[1171,1170],"tags":[],"vendi":[],"content_country":[31835,31838,31840],"class_list":["post-484664","post","type-post","status-publish","format-standard","has-post-thumbnail","hentry","category-thematique","category-vivre-en-suisse","content_country-austria-fr","content_country-germany-fr","content_country-zvicer-fr"],"acf":[],"_links":{"self":[{"href":"https:\/\/www.albinfo.at\/fr\/wp-json\/wp\/v2\/posts\/484664","targetHints":{"allow":["GET"]}}],"collection":[{"href":"https:\/\/www.albinfo.at\/fr\/wp-json\/wp\/v2\/posts"}],"about":[{"href":"https:\/\/www.albinfo.at\/fr\/wp-json\/wp\/v2\/types\/post"}],"author":[{"embeddable":true,"href":"https:\/\/www.albinfo.at\/fr\/wp-json\/wp\/v2\/users\/4"}],"replies":[{"embeddable":true,"href":"https:\/\/www.albinfo.at\/fr\/wp-json\/wp\/v2\/comments?post=484664"}],"version-history":[{"count":0,"href":"https:\/\/www.albinfo.at\/fr\/wp-json\/wp\/v2\/posts\/484664\/revisions"}],"wp:featuredmedia":[{"embeddable":true,"href":"https:\/\/www.albinfo.at\/fr\/wp-json\/wp\/v2\/media\/464249"}],"wp:attachment":[{"href":"https:\/\/www.albinfo.at\/fr\/wp-json\/wp\/v2\/media?parent=484664"}],"wp:term":[{"taxonomy":"category","embeddable":true,"href":"https:\/\/www.albinfo.at\/fr\/wp-json\/wp\/v2\/categories?post=484664"},{"taxonomy":"post_tag","embeddable":true,"href":"https:\/\/www.albinfo.at\/fr\/wp-json\/wp\/v2\/tags?post=484664"},{"taxonomy":"vendi","embeddable":true,"href":"https:\/\/www.albinfo.at\/fr\/wp-json\/wp\/v2\/vendi?post=484664"},{"taxonomy":"content_country","embeddable":true,"href":"https:\/\/www.albinfo.at\/fr\/wp-json\/wp\/v2\/content_country?post=484664"}],"curies":[{"name":"wp","href":"https:\/\/api.w.org\/{rel}","templated":true}]}}