{"id":483866,"date":"2021-07-01T15:47:10","date_gmt":"2021-07-01T13:47:10","guid":{"rendered":"https:\/\/www.albinfo.ch\/?p=483866"},"modified":"2021-07-01T15:47:10","modified_gmt":"2021-07-01T13:47:10","slug":"lutte-contre-la-pandemie-defi-pour-la-protection-des-donnees-et-le-principe-de-transparence","status":"publish","type":"post","link":"https:\/\/www.albinfo.at\/fr\/lutte-contre-la-pandemie-defi-pour-la-protection-des-donnees-et-le-principe-de-transparence\/","title":{"rendered":"Lutte contre la pand\u00e9mie \u2013 D\u00e9fi pour la protection des donn\u00e9es et le principe de transparence"},"content":{"rendered":"<div class=\"contentHead\"><\/div>\n<div class=\"mod mod-nsbnewsdetails\">\n<p><strong>L\u2019ann\u00e9e sous revue a \u00e9t\u00e9 marqu\u00e9e par la pand\u00e9mie de COVID-19. En qualit\u00e9 d\u2019autorit\u00e9 de surveillance dans le domaine de la protection des donn\u00e9es, le PFPDT a naturellement concentr\u00e9 son activit\u00e9 sur les nombreux projets num\u00e9riques de lutte contre la pand\u00e9mie. En outre, dans l\u2019exercice de sa fonction d\u2019organe de m\u00e9diation concernant les demandes d\u2019acc\u00e8s fond\u00e9es sur la loi sur la transparence, le PFPDT a \u0153uvr\u00e9 afin de concilier le besoin du public de comprendre l\u2019action de l\u2019\u00c9tat dans le contexte de la lutte contre la pand\u00e9mie avec la n\u00e9cessit\u00e9 pour l\u2019administration f\u00e9d\u00e9rale d\u2019accorder la priorit\u00e9 \u00e0 la lutte contre celle-ci.<\/strong><\/p>\n<p><b>Lutte contre le COVID-19 au moyen d\u2019applications num\u00e9riques<\/b><\/p>\n<p>Le PFPDT a concentr\u00e9 son activit\u00e9 de surveillance dans le domaine de la protection des donn\u00e9es sur les applications \u00e9tatiques et priv\u00e9es d\u00e9velopp\u00e9es pour lutter contre la pand\u00e9mie, telles que l\u2019application SwissCovid, le certificat COVID-19 et les applications MesVaccins ou encore SocialPass. Nos communiqu\u00e9s dans ce domaine montrent que le traitement et l\u2019\u00e9limination des failles probl\u00e9matiques du point de vue de la protection des donn\u00e9es ont \u00e9t\u00e9 exigeants, en particulier lorsqu\u2019il a fallu ouvrir et mener rapidement une proc\u00e9dure formelle contre les exploitants des deux derni\u00e8res applications mentionn\u00e9es, afin de prot\u00e9ger rapidement la population.<\/p>\n<p><b>Besoin de transparence<\/b><\/p>\n<p>Une part importante des demandes qui nous sont parvenues portaient sur l\u2019acc\u00e8s \u00e0 des documents officiels en relation avec la pand\u00e9mie de COVID-19. Le rapport d\u2019activit\u00e9s y consacre un r\u00e9capitulatif particulier. Au vu du surcro\u00eet de travail des services f\u00e9d\u00e9raux en premi\u00e8re ligne dans la lutte contre la pand\u00e9mie, le PFPDT s\u2019est engag\u00e9, dans le cadre de son activit\u00e9 de m\u00e9diation, pour une prolongation des d\u00e9lais de traitement des demandes adress\u00e9es par les m\u00e9dias. Sur recommandation du PFPDT, l\u2019Office f\u00e9d\u00e9ral de la sant\u00e9 publique a diff\u00e9r\u00e9 l\u2019acc\u00e8s \u00e0 des documents concernant l\u2019achat de vaccins, afin de pr\u00e9server les int\u00e9r\u00eats \u00e9conomiques de la Suisse.<\/p>\n<p><b>Nouvelle loi sur la protection des donn\u00e9es : derni\u00e8re ligne droite, nouveaux d\u00e9fis<\/b><\/p>\n<p>La nouvelle loi f\u00e9d\u00e9rale du 25 septembre 2020 sur la protection des donn\u00e9es et son ordonnance d\u2019ex\u00e9cution entreront probablement en vigueur au 2e semestre de 2022. Le PFPDT proc\u00e8de aux adaptations n\u00e9cessit\u00e9es par cette r\u00e9vision totale (feuillets th\u00e9matiques, portails d\u2019annonces, \u00e9moluments, etc.). Au vu du dynamisme de la transformation num\u00e9rique, le PFPDT devra continuer, apr\u00e8s l\u2019entr\u00e9e en vigueur de la nouvelle loi, \u00e0 concentrer son activit\u00e9 sur les violations syst\u00e9miques de la protection des donn\u00e9es commises par ceux qui traitent des donn\u00e9es en Suisse. Selon toute probabilit\u00e9, il lui sera tr\u00e8s difficile de r\u00e9pondre \u00e0 toutes les attentes concernant les requ\u00eates individuelles en mati\u00e8re de protection des donn\u00e9es.<\/p>\n<p>Le renouvellement de la d\u00e9cision d\u2019ad\u00e9quation de la Commission europ\u00e9enne est encore attendu.<\/p>\n<p>Le 28e rapport d\u2019activit\u00e9s 2020\/2021 du PFPDT peut \u00eatre consult\u00e9 sous forme num\u00e9rique \u00e0 l\u2019adresse www.edoeb.admin.ch<\/p>\n<p><i><u>Information \u00e0 l\u2019intention des m\u00e9dias<\/u>:<\/i><\/p>\n<p><i>Le Pr\u00e9pos\u00e9 Adrian Lobsiger, la responsable du domaine de direction Relations internationales Caroline Gloor Scheidegger et le responsable du domaine de direction Protection des donn\u00e9es Daniel Dzamko sont \u00e0 la disposition des m\u00e9dias pour des<b>\u00a0interviews<\/b>. En raison des mesures de protection en vigueur, celles-ci ne pourront avoir lieu dans le foyer du centre de presse.\u00a0Nous vous invitons par cons\u00e9quent \u00e0 envoyer vos demandes dans ce sens \u00e0 l\u2019adresse suivante info@edoeb.admin.ch\u00a0<b>avant<\/b>\u00a0la conf\u00e9rence de presse.<\/i><\/p>\n<\/div>\n","protected":false},"excerpt":{"rendered":"<p>Le PFPDT a concentr\u00e9 son activit\u00e9 de surveillance dans le domaine de la protection des donn\u00e9es sur les applications \u00e9tatiques et priv\u00e9es d\u00e9velopp\u00e9es pour lutter contre la pand\u00e9mie, telles que l\u2019application SwissCovid, le certificat COVID-19 et les applications MesVaccins ou encore SocialPass<\/p>\n","protected":false},"author":4,"featured_media":473168,"comment_status":"open","ping_status":"open","sticky":false,"template":"","format":"standard","meta":{"footnotes":""},"categories":[1171,1170],"tags":[],"vendi":[],"content_country":[],"class_list":["post-483866","post","type-post","status-publish","format-standard","has-post-thumbnail","hentry","category-thematique","category-vivre-en-suisse"],"acf":[],"_links":{"self":[{"href":"https:\/\/www.albinfo.at\/fr\/wp-json\/wp\/v2\/posts\/483866","targetHints":{"allow":["GET"]}}],"collection":[{"href":"https:\/\/www.albinfo.at\/fr\/wp-json\/wp\/v2\/posts"}],"about":[{"href":"https:\/\/www.albinfo.at\/fr\/wp-json\/wp\/v2\/types\/post"}],"author":[{"embeddable":true,"href":"https:\/\/www.albinfo.at\/fr\/wp-json\/wp\/v2\/users\/4"}],"replies":[{"embeddable":true,"href":"https:\/\/www.albinfo.at\/fr\/wp-json\/wp\/v2\/comments?post=483866"}],"version-history":[{"count":0,"href":"https:\/\/www.albinfo.at\/fr\/wp-json\/wp\/v2\/posts\/483866\/revisions"}],"wp:featuredmedia":[{"embeddable":true,"href":"https:\/\/www.albinfo.at\/fr\/wp-json\/wp\/v2\/media\/473168"}],"wp:attachment":[{"href":"https:\/\/www.albinfo.at\/fr\/wp-json\/wp\/v2\/media?parent=483866"}],"wp:term":[{"taxonomy":"category","embeddable":true,"href":"https:\/\/www.albinfo.at\/fr\/wp-json\/wp\/v2\/categories?post=483866"},{"taxonomy":"post_tag","embeddable":true,"href":"https:\/\/www.albinfo.at\/fr\/wp-json\/wp\/v2\/tags?post=483866"},{"taxonomy":"vendi","embeddable":true,"href":"https:\/\/www.albinfo.at\/fr\/wp-json\/wp\/v2\/vendi?post=483866"},{"taxonomy":"content_country","embeddable":true,"href":"https:\/\/www.albinfo.at\/fr\/wp-json\/wp\/v2\/content_country?post=483866"}],"curies":[{"name":"wp","href":"https:\/\/api.w.org\/{rel}","templated":true}]}}