{"id":483814,"date":"2021-07-01T13:40:48","date_gmt":"2021-07-01T11:40:48","guid":{"rendered":"https:\/\/www.albinfo.ch\/?p=483814"},"modified":"2021-07-01T13:27:49","modified_gmt":"2021-07-01T11:27:49","slug":"voyager-en-suisse-avec-un-camping-car-loue-a-letranger","status":"publish","type":"post","link":"https:\/\/www.albinfo.at\/fr\/voyager-en-suisse-avec-un-camping-car-loue-a-letranger\/","title":{"rendered":"Voyager en Suisse avec un camping-car lou\u00e9 \u00e0 l\u2019\u00e9tranger"},"content":{"rendered":"<div class=\"contentHead\">\n<p><strong style=\"font-size: 16px;\">La pand\u00e9mie de COVID-19 a cr\u00e9\u00e9 de nouvelles fa\u00e7ons de voyager et le camping a le vent en poupe. La location de camping-cars en ligne voient ses offres se multiplier. La location de tels v\u00e9hicules \u00e0 l\u2019\u00e9tranger par des personnes domicili\u00e9es en Suisse pour y voyager demande des formalit\u00e9s douani\u00e8res \u00e0 accomplir. Voici les conseils de l\u2019Administration f\u00e9d\u00e9rale des douanes (AFD) \u00e0 ce sujet.<\/strong><\/p>\n<\/div>\n<div class=\"mod mod-nsbnewsdetails\">\n<p>Le camping \u00e9tant devenu une nouvelle fa\u00e7on de passer des vacances, les voyages en camping-car ont d\u00e9sormais la cote. Les locations \u00e0 l\u2019\u00e9tranger peuvent parfois \u00eatre attractives et l\u2019offre provient de soci\u00e9t\u00e9s de location ou de particuliers. Il n\u2019est cependant pas toujours possible de voyager en Suisse avec un v\u00e9hicule immatricul\u00e9 \u00e0 l\u2019\u00e9tranger, ou alors il faut accomplir des formalit\u00e9s douani\u00e8res \u00e0 l\u2019entr\u00e9e en Suisse.<\/p>\n<h2>Utilisation pendant une p\u00e9riode limit\u00e9e<\/h2>\n<p>Le droit douanier suisse autorise de circuler en Suisse avec des v\u00e9hicules lou\u00e9s \u00e0 l\u2019\u00e9tranger \u00e0 des soci\u00e9t\u00e9s de location pour autant qu\u2019ils soient utilis\u00e9s \u00e0 des fins priv\u00e9es. L&#8217;utilisation est toutefois li\u00e9e \u00e0 une p\u00e9riode limit\u00e9e. Lors de l&#8217;entr\u00e9e en Suisse, il suffit de demander un certificat de prise en note pour le v\u00e9hicule \u00e0 un poste de douane occup\u00e9, pendant les heures d&#8217;ouverture du trafic touristique. Avec ce certificat valable huit jours \u2013 \u00e0 compter du d\u00e9but du contrat de location \u2013 il est possible de r\u00e9exporter le v\u00e9hicule ou de le rendre dans une succursale suisse de l&#8217;entreprise de location de v\u00e9hicules. L&#8217;\u00e9tablissement du certificat est gratuit. \u00c0 noter que le non-respect du d\u00e9lai de r\u00e9exportation fix\u00e9 entra\u00eenera la perception ult\u00e9rieure des redevances d&#8217;entr\u00e9e et l&#8217;ouverture d&#8217;une proc\u00e9dure p\u00e9nale \u00e0 l&#8217;encontre du conducteur.<\/p>\n<h2>De particuliers \u00e0 particuliers<\/h2>\n<p>Il existe des plateformes Internet sur lesquelles des particuliers proposent leurs camping-cars \u00e0 la location. L&#8217;entr\u00e9e en Suisse avec un tel v\u00e9hicule \u00e9tranger est refus\u00e9e, m\u00eame si son utilisation est \u00e0 des fins priv\u00e9es.<\/p>\n<\/div>\n","protected":false},"excerpt":{"rendered":"<p>Le droit douanier suisse autorise de circuler en Suisse avec des v\u00e9hicules lou\u00e9s \u00e0 l\u2019\u00e9tranger \u00e0 des soci\u00e9t\u00e9s de location pour autant qu\u2019ils soient utilis\u00e9s \u00e0 des fins priv\u00e9es. L&#8217;utilisation est toutefois li\u00e9e \u00e0 une p\u00e9riode limit\u00e9e<\/p>\n","protected":false},"author":4,"featured_media":368136,"comment_status":"open","ping_status":"open","sticky":false,"template":"","format":"standard","meta":{"footnotes":""},"categories":[1171,1170],"tags":[],"vendi":[],"content_country":[],"class_list":["post-483814","post","type-post","status-publish","format-standard","has-post-thumbnail","hentry","category-thematique","category-vivre-en-suisse"],"acf":[],"_links":{"self":[{"href":"https:\/\/www.albinfo.at\/fr\/wp-json\/wp\/v2\/posts\/483814","targetHints":{"allow":["GET"]}}],"collection":[{"href":"https:\/\/www.albinfo.at\/fr\/wp-json\/wp\/v2\/posts"}],"about":[{"href":"https:\/\/www.albinfo.at\/fr\/wp-json\/wp\/v2\/types\/post"}],"author":[{"embeddable":true,"href":"https:\/\/www.albinfo.at\/fr\/wp-json\/wp\/v2\/users\/4"}],"replies":[{"embeddable":true,"href":"https:\/\/www.albinfo.at\/fr\/wp-json\/wp\/v2\/comments?post=483814"}],"version-history":[{"count":0,"href":"https:\/\/www.albinfo.at\/fr\/wp-json\/wp\/v2\/posts\/483814\/revisions"}],"wp:featuredmedia":[{"embeddable":true,"href":"https:\/\/www.albinfo.at\/fr\/wp-json\/wp\/v2\/media\/368136"}],"wp:attachment":[{"href":"https:\/\/www.albinfo.at\/fr\/wp-json\/wp\/v2\/media?parent=483814"}],"wp:term":[{"taxonomy":"category","embeddable":true,"href":"https:\/\/www.albinfo.at\/fr\/wp-json\/wp\/v2\/categories?post=483814"},{"taxonomy":"post_tag","embeddable":true,"href":"https:\/\/www.albinfo.at\/fr\/wp-json\/wp\/v2\/tags?post=483814"},{"taxonomy":"vendi","embeddable":true,"href":"https:\/\/www.albinfo.at\/fr\/wp-json\/wp\/v2\/vendi?post=483814"},{"taxonomy":"content_country","embeddable":true,"href":"https:\/\/www.albinfo.at\/fr\/wp-json\/wp\/v2\/content_country?post=483814"}],"curies":[{"name":"wp","href":"https:\/\/api.w.org\/{rel}","templated":true}]}}