{"id":483808,"date":"2021-07-01T13:11:52","date_gmt":"2021-07-01T11:11:52","guid":{"rendered":"https:\/\/www.albinfo.ch\/?p=483808"},"modified":"2021-07-01T13:11:52","modified_gmt":"2021-07-01T11:11:52","slug":"le-conseil-federal-veut-mieux-proteger-les-personnes-mariees-alors-quelles-etaient-mineures","status":"publish","type":"post","link":"https:\/\/www.albinfo.at\/fr\/le-conseil-federal-veut-mieux-proteger-les-personnes-mariees-alors-quelles-etaient-mineures\/","title":{"rendered":"Le Conseil f\u00e9d\u00e9ral veut mieux prot\u00e9ger les personnes mari\u00e9es alors qu\u2019elles \u00e9taient mineures"},"content":{"rendered":"<div class=\"contentHead\"><\/div>\n<div class=\"mod mod-nsbnewsdetails\">\n<p><strong>Le Conseil f\u00e9d\u00e9ral entend renforcer la protection des personnes mari\u00e9es alors qu\u2019elles \u00e9taient mineures. Une \u00e9valuation portant sur la cause d\u2019annulation du mariage li\u00e9e \u00e0 la minorit\u00e9 d\u2019un des \u00e9poux a r\u00e9v\u00e9l\u00e9 que le d\u00e9lai pr\u00e9vu par la loi pour faire annuler le mariage n\u2019\u00e9tait souvent pas suffisant. Le Conseil f\u00e9d\u00e9ral a par cons\u00e9quent d\u00e9cid\u00e9, lors de sa s\u00e9ance du 30 juin 2021, d\u2019envoyer en consultation un projet de loi rem\u00e9diant \u00e0 ce d\u00e9faut. La consultation dure jusqu\u2019au 29 octobre 2021. Pour le mariage forc\u00e9, rien ne change, son annulation est possible en tout temps.<\/strong><\/p>\n<p>En ex\u00e9cution d&#8217;un postulat transmis par le Conseil national, le Conseil f\u00e9d\u00e9ral a soumis \u00e0 une \u00e9valuation les dispositions du code civil qui traitent du mariage forc\u00e9 et du mariage avec un mineur. Il a constat\u00e9 que des mesures devaient \u00eatre prises pour am\u00e9liorer la situation en ce qui concerne le second cas\u00a0: aujourd&#8217;hui, le mariage ne peut plus \u00eatre annul\u00e9 une fois que l&#8217;\u00e9poux mineur a atteint l&#8217;\u00e2ge de 18\u00a0ans &#8211; on dit qu&#8217;il y a, au moment o\u00f9 l&#8217;\u00e9poux atteint la majorit\u00e9, r\u00e9paration du vice dont est entach\u00e9 le mariage. Le Conseil f\u00e9d\u00e9ral estime que ce d\u00e9lai est trop court. Pour mieux prot\u00e9ger les personnes concern\u00e9es, il propose que le mariage puisse \u00eatre annul\u00e9 jusqu&#8217;au 25e\u00a0anniversaire de l&#8217;\u00e9poux mineur. Le vice entachant le mariage serait en revanche consid\u00e9r\u00e9 comme r\u00e9par\u00e9 si aucune action en annulation n&#8217;a \u00e9t\u00e9 d\u00e9pos\u00e9e jusqu&#8217;\u00e0 cette date.<\/p>\n<p>Les mineurs concern\u00e9s doivent b\u00e9n\u00e9ficier de plus de temps pour \u00e9valuer leur situation et entreprendre les d\u00e9marches n\u00e9cessaires. Le d\u00e9lai rallong\u00e9 vaudra \u00e9galement pour les autorit\u00e9s qui doivent introduire d&#8217;office une action en annulation du mariage. Le Conseil f\u00e9d\u00e9ral a \u00e9galement examin\u00e9 en d\u00e9tail la question de savoir s&#8217;il fallait conserver la possibilit\u00e9, pr\u00e9vue par le droit en vigueur, de maintenir le mariage avec un mineur dans des circonstances exceptionnelles. Il est arriv\u00e9 \u00e0 la conclusion que le juge doit pouvoir rejeter l&#8217;action en annulation du mariage lorsque l&#8217;int\u00e9r\u00eat sup\u00e9rieur du mineur le commande. Une fois majeur et jusqu&#8217;\u00e0 ses 25\u00a0ans, toutefois, l&#8217;\u00e9poux concern\u00e9 doit pouvoir d\u00e9clarer qu&#8217;il souhaite librement poursuivre le mariage.<\/p>\n<p>L&#8217;\u00e9valuation n&#8217;a pas r\u00e9v\u00e9l\u00e9 de lacunes dans le cas des mariages forc\u00e9s. La l\u00e9gislation reste inchang\u00e9e, un mariage forc\u00e9 pouvant \u00eatre annul\u00e9 en tout temps.<\/p>\n<p>Les modifications de loi propos\u00e9es sont envoy\u00e9es en consultation jusqu&#8217;au 29\u00a0octobre 2021.<\/p>\n<\/div>\n","protected":false},"excerpt":{"rendered":"<p>Une \u00e9valuation portant sur la cause d\u2019annulation du mariage li\u00e9e \u00e0 la minorit\u00e9 d\u2019un des \u00e9poux a r\u00e9v\u00e9l\u00e9 que le d\u00e9lai pr\u00e9vu par la loi pour faire annuler le mariage n\u2019\u00e9tait souvent pas suffisant<\/p>\n","protected":false},"author":4,"featured_media":350936,"comment_status":"open","ping_status":"open","sticky":false,"template":"","format":"standard","meta":{"footnotes":""},"categories":[1171,1170],"tags":[],"vendi":[],"content_country":[],"class_list":["post-483808","post","type-post","status-publish","format-standard","has-post-thumbnail","hentry","category-thematique","category-vivre-en-suisse"],"acf":[],"_links":{"self":[{"href":"https:\/\/www.albinfo.at\/fr\/wp-json\/wp\/v2\/posts\/483808","targetHints":{"allow":["GET"]}}],"collection":[{"href":"https:\/\/www.albinfo.at\/fr\/wp-json\/wp\/v2\/posts"}],"about":[{"href":"https:\/\/www.albinfo.at\/fr\/wp-json\/wp\/v2\/types\/post"}],"author":[{"embeddable":true,"href":"https:\/\/www.albinfo.at\/fr\/wp-json\/wp\/v2\/users\/4"}],"replies":[{"embeddable":true,"href":"https:\/\/www.albinfo.at\/fr\/wp-json\/wp\/v2\/comments?post=483808"}],"version-history":[{"count":0,"href":"https:\/\/www.albinfo.at\/fr\/wp-json\/wp\/v2\/posts\/483808\/revisions"}],"wp:featuredmedia":[{"embeddable":true,"href":"https:\/\/www.albinfo.at\/fr\/wp-json\/wp\/v2\/media\/350936"}],"wp:attachment":[{"href":"https:\/\/www.albinfo.at\/fr\/wp-json\/wp\/v2\/media?parent=483808"}],"wp:term":[{"taxonomy":"category","embeddable":true,"href":"https:\/\/www.albinfo.at\/fr\/wp-json\/wp\/v2\/categories?post=483808"},{"taxonomy":"post_tag","embeddable":true,"href":"https:\/\/www.albinfo.at\/fr\/wp-json\/wp\/v2\/tags?post=483808"},{"taxonomy":"vendi","embeddable":true,"href":"https:\/\/www.albinfo.at\/fr\/wp-json\/wp\/v2\/vendi?post=483808"},{"taxonomy":"content_country","embeddable":true,"href":"https:\/\/www.albinfo.at\/fr\/wp-json\/wp\/v2\/content_country?post=483808"}],"curies":[{"name":"wp","href":"https:\/\/api.w.org\/{rel}","templated":true}]}}