{"id":483789,"date":"2021-07-01T12:10:37","date_gmt":"2021-07-01T10:10:37","guid":{"rendered":"https:\/\/www.albinfo.ch\/?p=483789"},"modified":"2021-07-01T11:49:59","modified_gmt":"2021-07-01T09:49:59","slug":"coronavirus-la-suisse-remet-quatre-millions-de-doses-de-vaccin-au-programme-covax","status":"publish","type":"post","link":"https:\/\/www.albinfo.at\/fr\/coronavirus-la-suisse-remet-quatre-millions-de-doses-de-vaccin-au-programme-covax\/","title":{"rendered":"Coronavirus : la Suisse remet quatre millions de doses de vaccin au programme COVAX"},"content":{"rendered":"<div class=\"contentHead\"><\/div>\n<div class=\"mod mod-nsbnewsdetails\">\n<p><strong>Lors de sa s\u00e9ance du 30 juin 2021, le Conseil f\u00e9d\u00e9ral a d\u00e9cid\u00e9 de c\u00e9der au programme COVAX la majeure partie des quelque 5,4 millions de doses de vaccin command\u00e9es aupr\u00e8s d\u2019AstraZeneca. La Suisse peut ainsi apporter une contribution notable \u00e0 la lutte globale contre la pand\u00e9mie de COVID-19. L\u2019initiative COVAX vise \u00e0 garantir un acc\u00e8s r\u00e9gulier et \u00e9quitable aux vaccins contre le COVID-19 partout dans le monde. Les grandes in\u00e9galit\u00e9s en mati\u00e8re de r\u00e9partition globale des vaccins laissent pr\u00e9voir que la pand\u00e9mie durera encore un certain temps \u00e0 l\u2019\u00e9chelle mondiale.<\/strong><\/p>\n<p>La campagne de vaccination en Suisse continue de progresser : plus de 60 % de la population adulte a re\u00e7u une dose, tandis que plus de 40 % est compl\u00e8tement vaccin\u00e9e. En outre, suffisamment de doses sont disponibles pour vacciner les enfants et les adolescents tout en assurant un \u00e9ventuel vaccin de rappel. Les vaccins suppl\u00e9mentaires que la Conf\u00e9d\u00e9ration a command\u00e9s pour 2022 prendront en compte les possibles mutations du virus.<\/p>\n<p>La campagne mise en particulier sur les vaccins \u00e0 ARNm, qui se sont av\u00e9r\u00e9s tr\u00e8s efficaces et bien tol\u00e9r\u00e9s. Les produits de Moderna et de Pfizer\/BioNTech sont bas\u00e9s sur cette technologie. D\u2019autres vaccins seront cependant utilis\u00e9s en compl\u00e9ment, notamment pour les personnes qui pr\u00e9sentent une intol\u00e9rance aux vaccins \u00e0 ARNm.<\/p>\n<p>Au vu du nombre suffisant de doses disponibles pour prot\u00e9ger la population, le Conseil f\u00e9d\u00e9ral a d\u00e9cid\u00e9 de remettre quatre millions de doses du produit d\u2019AstraZeneca au programme COVAX. La Suisse en avait command\u00e9 pr\u00e8s de 5,4 millions au total. 1,4 million de doses de ce produit \u00e0 vecteur viral resteront r\u00e9serv\u00e9es pour un futur emploi en Suisse. Elles seront en premier lieu destin\u00e9es aux personnes qui ne peuvent ou ne veulent pas recevoir de vaccin \u00e0 ARNm ainsi qu\u2019\u00e0 celles qui ont re\u00e7u une premi\u00e8re dose du produit d\u2019AstraZeneca \u00e0 l\u2019\u00e9tranger. Ces vaccins seront disponibles d\u00e8s que Swissmedic aura autoris\u00e9 le produit et que l\u2019OFSP et la Commission f\u00e9d\u00e9rale pour les vaccinations auront publi\u00e9 la recommandation de vaccination correspondante.<\/p>\n<h2>Engagement international pour lutter contre la pand\u00e9mie<\/h2>\n<p>Le programme COVAX entend fournir cette ann\u00e9e jusqu\u2019\u00e0 deux milliards de doses aux pays participants. Il a pu commencer \u00e0 distribuer les premi\u00e8res doses \u00e0 des pays \u00e0 faible ou moyen revenu en f\u00e9vrier 2021. Jusqu\u2019\u00e0 pr\u00e9sent, un total de 131 pays ont re\u00e7u plus de 88 millions de doses.<\/p>\n<p>Depuis le d\u00e9but de la pand\u00e9mie, la Suisse s\u2019engage pour une solution globale et \u00e9quitable en mati\u00e8re de r\u00e9partition des vaccins contre le COVID-19. L\u2019ann\u00e9e derni\u00e8re, elle a vers\u00e9 20 millions de francs au programme COVAX en faveur de 92 pays \u00e0 faible revenu. De plus, le Conseil f\u00e9d\u00e9ral a d\u00e9cid\u00e9 en avril 2021 d\u2019apporter un soutien suppl\u00e9mentaire de 300 millions de francs au Access to Covid-19 Tools Accelerator (ACT-A). Parmi cette somme, 125 millions de francs iront au programme COVAX. L\u2019ACT-A vise \u00e0 promouvoir l\u2019acc\u00e8s aux vaccins contre le COVID-19, aux m\u00e9dicaments et aux tests ainsi qu\u2019\u00e0 renforcer les syst\u00e8mes de sant\u00e9 dans la lutte contre la pand\u00e9mie.<\/p>\n<p>Le programme COVAX a vu le jour en avril 2020 sous l\u2019\u00e9gide de l\u2019OMS et d\u2019autres organisations. L\u2019alliance vaccinale GAVI, la Coalition for Epidemic Preparedness Innovations CEPI et l\u2019OMS en assument conjointement l\u2019exploitation. La Suisse s\u2019est activement impliqu\u00e9e lors de la cr\u00e9ation du programme en tant que co-pr\u00e9sidente du \u00ab Group of Friends of the Covax-Facility \u00bb.<\/p>\n<\/div>\n","protected":false},"excerpt":{"rendered":"<p>La Suisse en avait command\u00e9 pr\u00e8s de 5,4 millions au total. 1,4 million de doses de ce produit \u00e0 vecteur viral resteront r\u00e9serv\u00e9es pour un futur emploi en Suisse<\/p>\n","protected":false},"author":4,"featured_media":465126,"comment_status":"open","ping_status":"open","sticky":false,"template":"","format":"standard","meta":{"footnotes":""},"categories":[18826,22521,24630,24672,1170],"tags":[],"vendi":[],"content_country":[31835,31838,31840],"class_list":["post-483789","post","type-post","status-publish","format-standard","has-post-thumbnail","hentry","category-lajme-jeta-ne-zvicer-fr","category-coronavirus-minutes-par-minutes","category-nouvelles","category-sante-fr-2","category-vivre-en-suisse","content_country-austria-fr","content_country-germany-fr","content_country-zvicer-fr"],"acf":[],"_links":{"self":[{"href":"https:\/\/www.albinfo.at\/fr\/wp-json\/wp\/v2\/posts\/483789","targetHints":{"allow":["GET"]}}],"collection":[{"href":"https:\/\/www.albinfo.at\/fr\/wp-json\/wp\/v2\/posts"}],"about":[{"href":"https:\/\/www.albinfo.at\/fr\/wp-json\/wp\/v2\/types\/post"}],"author":[{"embeddable":true,"href":"https:\/\/www.albinfo.at\/fr\/wp-json\/wp\/v2\/users\/4"}],"replies":[{"embeddable":true,"href":"https:\/\/www.albinfo.at\/fr\/wp-json\/wp\/v2\/comments?post=483789"}],"version-history":[{"count":0,"href":"https:\/\/www.albinfo.at\/fr\/wp-json\/wp\/v2\/posts\/483789\/revisions"}],"wp:featuredmedia":[{"embeddable":true,"href":"https:\/\/www.albinfo.at\/fr\/wp-json\/wp\/v2\/media\/465126"}],"wp:attachment":[{"href":"https:\/\/www.albinfo.at\/fr\/wp-json\/wp\/v2\/media?parent=483789"}],"wp:term":[{"taxonomy":"category","embeddable":true,"href":"https:\/\/www.albinfo.at\/fr\/wp-json\/wp\/v2\/categories?post=483789"},{"taxonomy":"post_tag","embeddable":true,"href":"https:\/\/www.albinfo.at\/fr\/wp-json\/wp\/v2\/tags?post=483789"},{"taxonomy":"vendi","embeddable":true,"href":"https:\/\/www.albinfo.at\/fr\/wp-json\/wp\/v2\/vendi?post=483789"},{"taxonomy":"content_country","embeddable":true,"href":"https:\/\/www.albinfo.at\/fr\/wp-json\/wp\/v2\/content_country?post=483789"}],"curies":[{"name":"wp","href":"https:\/\/api.w.org\/{rel}","templated":true}]}}