{"id":481579,"date":"2021-06-21T23:18:06","date_gmt":"2021-06-21T21:18:06","guid":{"rendered":"https:\/\/www.albinfo.ch\/?p=481579"},"modified":"2021-06-21T23:18:06","modified_gmt":"2021-06-21T21:18:06","slug":"violence-contre-les-femmes-et-violence-domestique-la-suisse-soumet-son-premier-rapport","status":"publish","type":"post","link":"https:\/\/www.albinfo.at\/fr\/violence-contre-les-femmes-et-violence-domestique-la-suisse-soumet-son-premier-rapport\/","title":{"rendered":"Violence contre les femmes et violence domestique : la Suisse soumet son premier rapport"},"content":{"rendered":"<div class=\"contentHead\"><\/div>\n<div class=\"mod mod-nsbnewsdetails\">\n<p><strong>La Suisse pr\u00e9sente le bilan de son action en mati\u00e8re de pr\u00e9vention et de lutte contre la violence faite aux femmes et la violence domestique dans son premier rapport sur la mise en \u0153uvre de la Convention d\u2019Istanbul, que le Conseil f\u00e9d\u00e9ral a approuv\u00e9 lors de sa s\u00e9ance du 18 juin. L\u2019\u00e9tat des lieux qu\u2019il dresse fait ressortir l\u2019importance de la collaboration entre la Conf\u00e9d\u00e9ration, les cantons, les communes et la soci\u00e9t\u00e9 civile, en tant que condition indispensable pour garantir l\u2019efficacit\u00e9 de la pr\u00e9vention.<\/strong><\/p>\n<p>Largement r\u00e9pandues en Suisse, la violence \u00e0 l\u2019\u00e9gard des femmes et la violence domestique causent de grandes souffrances. En moyenne, une femme meurt des suites de telles violences toutes les deux semaines et demie, et on estime que 27\u00a0000\u00a0enfants sont concern\u00e9s chaque ann\u00e9e par la violence domestique. La tendance est en l\u00e9g\u00e8re hausse depuis des ann\u00e9es. Le plus haut niveau de violence domestique a \u00e9t\u00e9 enregistr\u00e9 en 2020, avec 20\u00a0123\u00a0infractions commises.<\/p>\n<p>En ratifiant la Convention du Conseil de l\u2019Europe sur la pr\u00e9vention et la lutte contre la violence \u00e0 l\u2019\u00e9gard des femmes et la violence domestique (Convention d\u2019Istanbul), la Suisse s\u2019est r\u00e9solument engag\u00e9e \u00e0 renforcer la pr\u00e9vention, la protection des victimes et la poursuite p\u00e9nale de ces formes de violence d\u00e8s le 1er\u00a0avril 2018.<\/p>\n<p>La Suisse pr\u00e9sente aujourd\u2019hui son premier rapport \u00e9tatique sur l\u2019application de la Convention d\u2019Istanbul. Exig\u00e9 p\u00e9riodiquement de tous les Etats parties, ce type de rapport permet au Conseil de l\u2019Europe d\u2019examiner comment la convention est mise en \u0153uvre. C\u2019est pourquoi ce premier rapport dresse l\u2019\u00e9tat des lieux de toutes les activit\u00e9s men\u00e9es en Suisse dans le but de pr\u00e9venir et de combattre la violence domestique et la violence \u00e0 l\u2019\u00e9gard des femmes.<\/p>\n<p><b>La sensibilisation \u00e0 la probl\u00e9matique s\u2019est accrue<\/b>La Convention d\u2019Istanbul a d\u00e9clench\u00e9 en Suisse une nouvelle dynamique et renforc\u00e9 le d\u00e9bat politique\u00a0sur la lutte contre la violence domestique et la violence \u00e0 l\u2019\u00e9gard des femmes. Dans le programme de l\u00e9gislature\u00a02019-2023, le Conseil f\u00e9d\u00e9ral a d\u00e9cid\u00e9 de faire de la lutte contre la violence de genre l\u2019un des axes principaux de la Strat\u00e9gie Egalit\u00e9\u00a02030. Le Parlement a en outre d\u00e9cid\u00e9 d\u2019int\u00e9grer un plan d\u2019action national pour la mise en \u0153uvre de la Convention d\u2019Istanbul. Lors du dialogue strat\u00e9gique sur la violence domestique, la Conf\u00e9d\u00e9ration et les cantons ont sign\u00e9 une feuille de route d\u00e9finissant plusieurs mesures, dont la mise en place d\u2019un num\u00e9ro de t\u00e9l\u00e9phone central pour les victimes. Divers cantons et communes ont aussi adopt\u00e9 leurs propres plans d\u2019action et trains de mesures visant \u00e0 mettre en \u0153uvre la Convention d\u2019Istanbul.<\/p>\n<p>Au niveau national, les organisations priv\u00e9es et publiques ont, depuis cette ann\u00e9e, la possibilit\u00e9 de solliciter des aides financi\u00e8res de la Conf\u00e9d\u00e9ration pour leurs projets de pr\u00e9vention et de lutte contre la violence envers les femmes. S\u2019agissant du volet protection et aide, la plateforme en ligne\u00a0<i>www.aide-aux-victimes.ch<\/i>\u00a0fournit depuis 2019 des informations et du soutien aux victimes de violence.<\/p>\n<p>La l\u00e9gislation suisse r\u00e9pond dans l\u2019ensemble aux exigences de la Convention d\u2019Istanbul. La loi f\u00e9d\u00e9rale sur l\u2019am\u00e9lioration de la protection des victimes de violence est en vigueur depuis le 1er\u00a0juillet 2020. La disposition de droit civil concernant la surveillance des d\u00e9cisions d\u2019interdiction g\u00e9ographique ou de contact entrera en vigueur le 1er\u00a0janvier 2022.<\/p>\n<p>Par ailleurs, au printemps\u00a02021, la Commission des affaires juridiques du Conseil des \u00c9tats a men\u00e9 une consultation sur une r\u00e9vision des normes p\u00e9nales punissant les infractions sexuelles. L\u2019infraction de viol devrait \u00eatre formul\u00e9e de mani\u00e8re neutre sur le plan du genre, et les actes d\u2019ordre sexuel commis contre la volont\u00e9 d\u2019une personne devraient \u00eatre sanctionn\u00e9s de mani\u00e8re ad\u00e9quate, m\u00eame lorsqu\u2019il n\u2019y a ni violence ni menace. Ce dernier point doit am\u00e9liorer la protection des victimes d\u2019agressions sexuelles sur le plan p\u00e9nal.<\/p>\n<p>Le rapport l\u2019\u00e9tablit clairement\u00a0: la mise en \u0153uvre de la Convention d\u2019Istanbul est une t\u00e2che collective qui suppose sans conteste la conjonction de diff\u00e9rentes politiques publiques, la collaboration des cantons et des communes et l\u2019int\u00e9gration de la soci\u00e9t\u00e9 civile. Le Conseil f\u00e9d\u00e9ral consid\u00e8re la lutte contre la violence domestique et la violence envers les femmes comme une priorit\u00e9.<\/p>\n<p><b>Un groupe d\u2019expertes et d\u2019experts ind\u00e9pendants examinera le rapport<\/b><b><\/b>Le premier rapport de la Suisse sert de point de d\u00e9part au monitorage effectu\u00e9 par le groupe d\u2019expertes et d\u2019experts ind\u00e9pendants GREVIO (<i>Group of experts on action against violence against women and domestic violence).\u00a0<\/i>Apr\u00e8s avoir examin\u00e9 ce rapport, ce groupe effectuera une visite en Suisse en mars 2022 et formulera des recommandations pour la Suisse d\u2019ici la fin de l\u2019ann\u00e9e\u00a02022.<\/p>\n<\/div>\n","protected":false},"excerpt":{"rendered":"<p>En moyenne, une femme meurt des suites de telles violences toutes les deux semaines et demie, et on estime que 27\u00a0000\u00a0enfants sont concern\u00e9s chaque ann\u00e9e par la violence domestique. La tendance est en l\u00e9g\u00e8re hausse depuis des ann\u00e9es<\/p>\n","protected":false},"author":4,"featured_media":387238,"comment_status":"open","ping_status":"open","sticky":false,"template":"","format":"standard","meta":{"footnotes":""},"categories":[1171,1170],"tags":[],"vendi":[],"content_country":[31835,31838,31840],"class_list":["post-481579","post","type-post","status-publish","format-standard","has-post-thumbnail","hentry","category-thematique","category-vivre-en-suisse","content_country-austria-fr","content_country-germany-fr","content_country-zvicer-fr"],"acf":[],"_links":{"self":[{"href":"https:\/\/www.albinfo.at\/fr\/wp-json\/wp\/v2\/posts\/481579","targetHints":{"allow":["GET"]}}],"collection":[{"href":"https:\/\/www.albinfo.at\/fr\/wp-json\/wp\/v2\/posts"}],"about":[{"href":"https:\/\/www.albinfo.at\/fr\/wp-json\/wp\/v2\/types\/post"}],"author":[{"embeddable":true,"href":"https:\/\/www.albinfo.at\/fr\/wp-json\/wp\/v2\/users\/4"}],"replies":[{"embeddable":true,"href":"https:\/\/www.albinfo.at\/fr\/wp-json\/wp\/v2\/comments?post=481579"}],"version-history":[{"count":0,"href":"https:\/\/www.albinfo.at\/fr\/wp-json\/wp\/v2\/posts\/481579\/revisions"}],"wp:featuredmedia":[{"embeddable":true,"href":"https:\/\/www.albinfo.at\/fr\/wp-json\/wp\/v2\/media\/387238"}],"wp:attachment":[{"href":"https:\/\/www.albinfo.at\/fr\/wp-json\/wp\/v2\/media?parent=481579"}],"wp:term":[{"taxonomy":"category","embeddable":true,"href":"https:\/\/www.albinfo.at\/fr\/wp-json\/wp\/v2\/categories?post=481579"},{"taxonomy":"post_tag","embeddable":true,"href":"https:\/\/www.albinfo.at\/fr\/wp-json\/wp\/v2\/tags?post=481579"},{"taxonomy":"vendi","embeddable":true,"href":"https:\/\/www.albinfo.at\/fr\/wp-json\/wp\/v2\/vendi?post=481579"},{"taxonomy":"content_country","embeddable":true,"href":"https:\/\/www.albinfo.at\/fr\/wp-json\/wp\/v2\/content_country?post=481579"}],"curies":[{"name":"wp","href":"https:\/\/api.w.org\/{rel}","templated":true}]}}