{"id":480797,"date":"2021-06-18T23:50:29","date_gmt":"2021-06-18T21:50:29","guid":{"rendered":"https:\/\/www.albinfo.ch\/?p=480797"},"modified":"2021-06-18T23:18:27","modified_gmt":"2021-06-18T21:18:27","slug":"thematiques-bilaterales-et-relations-suisse-ue-au-coeur-de-la-visite-dignazio-cassis-a-paris","status":"publish","type":"post","link":"https:\/\/www.albinfo.at\/fr\/thematiques-bilaterales-et-relations-suisse-ue-au-coeur-de-la-visite-dignazio-cassis-a-paris\/","title":{"rendered":"Th\u00e9matiques bilat\u00e9rales et relations Suisse-UE au c\u0153ur de la visite d\u2019Ignazio Cassis \u00e0 Paris"},"content":{"rendered":"<div class=\"contentHead\"><\/div>\n<div class=\"mod mod-nsbnewsdetails\">\n<p><strong>Le 17 juin 2021, le conseiller f\u00e9d\u00e9ral Ignazio Cassis s\u2019est entretenu \u00e0 Paris avec le ministre de l\u2019Europe et des Affaires \u00e9trang\u00e8res fran\u00e7ais Jean-Yves Le Drian. Les entretiens ont notamment port\u00e9 sur les relations entre la Suisse et l\u2019Union europ\u00e9enne (UE) et les relations bilat\u00e9rales. Plusieurs sujets de l\u2019actualit\u00e9 internationale ont \u00e9galement \u00e9t\u00e9 abord\u00e9s.<\/strong><\/p>\n<p>A l\u2019occasion de sa rencontre avec son homologue fran\u00e7ais Le Drian, le Chef du DFAE Ignazio Cassis a pr\u00e9sent\u00e9 le souhait du Conseil f\u00e9d\u00e9ral de perp\u00e9tuer le partenariat avec l\u2019UE sur la base des accords bilat\u00e9raux. A cet effet, la Suisse a propos\u00e9 \u00e0 l\u2019UE l\u2019ouverture d\u2019un dialogue politique afin de d\u00e9finir et d\u2019accompagner des priorit\u00e9s communes dans l\u2019optique de la coop\u00e9ration future. La poursuite de la coop\u00e9ration dans des domaines qui ont fait leurs preuves est \u00e9galement souhait\u00e9e par le Conseil f\u00e9d\u00e9ral.<\/p>\n<p>Plusieurs questions internationales figuraient \u00e0 l\u2019ordre du jour du d\u00eener de travail entre les deux ministres. Ils se sont notamment entretenus sur le r\u00e9cent voyage en Afrique sub-saharienne du Chef du DFAE et sur l\u2019\u00e9volution de la situation au Mali. A cet \u00e9gard, le Conseiller f\u00e9d\u00e9ral Ignazio Cassis a d\u00e9taill\u00e9 l\u2019engagement de la Suisse dans la r\u00e9gion du Sahel. Les deux interlocuteurs ont \u00e9galement abord\u00e9 la situation en Libye et se sont r\u00e9jouis de leur participation \u00e0 la Conf\u00e9rence de Berlin sur la Libye, le 23 juin prochain.<\/p>\n<p><strong>Relations bilat\u00e9rales et transfrontali\u00e8res riches<\/strong><br \/>\nLe d\u00e9placement du Conseiller f\u00e9d\u00e9ral Ignazio Cassis \u00e0 Paris s\u2019inscrit dans une logique de renforcement des relations bilat\u00e9rales avec la France. La Suisse partage avec ce pays des liens \u00e9conomiques, humains et culturels tr\u00e8s intenses. Lors de cette visite, tant la qualit\u00e9 des relations bilat\u00e9rales que la richesse et l\u2019intensit\u00e9 de la coop\u00e9ration transfrontali\u00e8re ont \u00e9t\u00e9 soulign\u00e9es, notamment dans le cadre de la pand\u00e9mie de COVID-19. La situation du droit du travail dans le secteur suisse de l\u2019a\u00e9roport de B\u00e2le-Mulhouse ainsi que la question de la gouvernance des eaux du Rh\u00f4ne ont \u00e9galement fait l\u2019objet d\u2019\u00e9changes entre les deux interlocuteurs.<\/p>\n<\/div>\n","protected":false},"excerpt":{"rendered":"<p>A l\u2019occasion de sa rencontre avec son homologue fran\u00e7ais Le Drian, le Chef du DFAE Ignazio Cassis a pr\u00e9sent\u00e9 le souhait du Conseil f\u00e9d\u00e9ral de perp\u00e9tuer le partenariat avec l\u2019UE sur la base des accords bilat\u00e9raux<\/p>\n","protected":false},"author":4,"featured_media":442328,"comment_status":"open","ping_status":"open","sticky":false,"template":"","format":"standard","meta":{"footnotes":""},"categories":[1171,1170],"tags":[],"vendi":[],"content_country":[31835,31838,31840],"class_list":["post-480797","post","type-post","status-publish","format-standard","has-post-thumbnail","hentry","category-thematique","category-vivre-en-suisse","content_country-austria-fr","content_country-germany-fr","content_country-zvicer-fr"],"acf":[],"_links":{"self":[{"href":"https:\/\/www.albinfo.at\/fr\/wp-json\/wp\/v2\/posts\/480797","targetHints":{"allow":["GET"]}}],"collection":[{"href":"https:\/\/www.albinfo.at\/fr\/wp-json\/wp\/v2\/posts"}],"about":[{"href":"https:\/\/www.albinfo.at\/fr\/wp-json\/wp\/v2\/types\/post"}],"author":[{"embeddable":true,"href":"https:\/\/www.albinfo.at\/fr\/wp-json\/wp\/v2\/users\/4"}],"replies":[{"embeddable":true,"href":"https:\/\/www.albinfo.at\/fr\/wp-json\/wp\/v2\/comments?post=480797"}],"version-history":[{"count":0,"href":"https:\/\/www.albinfo.at\/fr\/wp-json\/wp\/v2\/posts\/480797\/revisions"}],"wp:featuredmedia":[{"embeddable":true,"href":"https:\/\/www.albinfo.at\/fr\/wp-json\/wp\/v2\/media\/442328"}],"wp:attachment":[{"href":"https:\/\/www.albinfo.at\/fr\/wp-json\/wp\/v2\/media?parent=480797"}],"wp:term":[{"taxonomy":"category","embeddable":true,"href":"https:\/\/www.albinfo.at\/fr\/wp-json\/wp\/v2\/categories?post=480797"},{"taxonomy":"post_tag","embeddable":true,"href":"https:\/\/www.albinfo.at\/fr\/wp-json\/wp\/v2\/tags?post=480797"},{"taxonomy":"vendi","embeddable":true,"href":"https:\/\/www.albinfo.at\/fr\/wp-json\/wp\/v2\/vendi?post=480797"},{"taxonomy":"content_country","embeddable":true,"href":"https:\/\/www.albinfo.at\/fr\/wp-json\/wp\/v2\/content_country?post=480797"}],"curies":[{"name":"wp","href":"https:\/\/api.w.org\/{rel}","templated":true}]}}