{"id":480785,"date":"2021-06-18T23:15:20","date_gmt":"2021-06-18T21:15:20","guid":{"rendered":"https:\/\/www.albinfo.ch\/?p=480785"},"modified":"2021-06-18T22:53:56","modified_gmt":"2021-06-18T20:53:56","slug":"480785","status":"publish","type":"post","link":"https:\/\/www.albinfo.at\/fr\/480785\/","title":{"rendered":""},"content":{"rendered":"<div class=\"contentHead\"><\/div>\n<div class=\"mod mod-nsbnewsdetails\">\n<p><strong>\u00c0 l\u2019issue du sommet de Gen\u00e8ve, une d\u00e9l\u00e9gation suisse, emmen\u00e9e par le pr\u00e9sident de la Conf\u00e9d\u00e9ration Guy Parmelin, a rencontr\u00e9 le pr\u00e9sident russe Vladimir Poutine et sa d\u00e9l\u00e9gation le mercredi 16 juin 2021. Les discussions ont port\u00e9 principalement sur l\u2019approfondissement des relations bilat\u00e9rales, des questions de s\u00e9curit\u00e9 en Europe et les bons offices de la Suisse.<\/strong><\/p>\n<p>Les deux parties ont soulign\u00e9 les bonnes relations, empreintes de respect, qui les unissent et les \u00e9changes nourris et multiples que comportent celles-ci. Les contacts sont institutionnalis\u00e9s dans les domaines de l\u2019\u00e9conomie, des finances, de la recherche, de la politique ext\u00e9rieure et de la politique de s\u00e9curit\u00e9, des droits de l\u2019homme, des douanes et de l\u2019agriculture. Le pr\u00e9sident de la Conf\u00e9d\u00e9ration a soulign\u00e9 que la Russie fait partie des pays prioritaires de la politique \u00e9trang\u00e8re de la Suisse et a mis l\u2019accent sur le potentiel important que rec\u00e8le l\u2019intensification des \u00e9changes \u00e9conomiques.<\/p>\n<p>La situation s\u00e9curitaire en Europe a \u00e9galement \u00e9t\u00e9 au centre des discussions. Le pr\u00e9sident Parmelin a exprim\u00e9 la crainte de la Suisse, partag\u00e9e par d\u2019autres \u00c9tats, face \u00e0 la d\u00e9gradation de la situation et \u00e0 l\u2019\u00e9rosion de la confiance. La coop\u00e9ration au sein du Conseil de l\u2019Europe et de l\u2019Organisation pour la s\u00e9curit\u00e9 et la coop\u00e9ration en Europe (OSCE), institutions multilat\u00e9rales au sein desquelles la Russie joue un r\u00f4le central, a aussi \u00e9t\u00e9 abord\u00e9e. La Suisse s\u2019engage pour un renforcement de l\u2019OSCE, qui aura 50 ans en 2025. Le pr\u00e9sident de la Conf\u00e9d\u00e9ration a d\u00e9clar\u00e9 que le dialogue et la coop\u00e9ration dans un cadre multilat\u00e9ral sont plus importants que jamais.<\/p>\n<p>Les mandats de puissance protectrice que la Suisse exerce pour la Russie et la G\u00e9orgie assument une importance particuli\u00e8re dans les relations entre la Suisse et la Russie. La d\u00e9l\u00e9gation suisse a soulign\u00e9 l\u2019engagement de la Suisse en faveur de la stabilit\u00e9 au Caucase, en Asie centrale et en Europe de l\u2019Est. Une base stable est la condition d\u2019un d\u00e9veloppement durable.<\/p>\n<p>Le conseiller f\u00e9d\u00e9ral Ignazio Cassis, chef du D\u00e9partement f\u00e9d\u00e9ral des affaires \u00e9trang\u00e8res (DFAE), les secr\u00e9taires d\u2019\u00c9tat Marie-Gabrielle Ineichen-Fleisch (Secr\u00e9tariat d\u2019\u00c9tat \u00e0 l\u2019\u00e9conomie) et Livia Leu (DFAE) ont \u00e9galement particip\u00e9 aux discussions aux c\u00f4t\u00e9s du pr\u00e9sident de la Conf\u00e9d\u00e9ration. La d\u00e9l\u00e9gation russe \u00e9tait compos\u00e9e du pr\u00e9sident Vladimir Poutine et du ministre des affaires \u00e9trang\u00e8res Sergue\u00ef Lavrov.<\/p>\n<\/div>\n","protected":false},"excerpt":{"rendered":"<p>Les discussions ont port\u00e9 principalement sur l\u2019approfondissement des relations bilat\u00e9rales, des questions de s\u00e9curit\u00e9 en Europe et les bons offices de la Suisse<\/p>\n","protected":false},"author":4,"featured_media":480782,"comment_status":"open","ping_status":"open","sticky":false,"template":"","format":"standard","meta":{"footnotes":""},"categories":[1171,1170],"tags":[],"vendi":[],"content_country":[31835,31838,31840],"class_list":["post-480785","post","type-post","status-publish","format-standard","has-post-thumbnail","hentry","category-thematique","category-vivre-en-suisse","content_country-austria-fr","content_country-germany-fr","content_country-zvicer-fr"],"acf":[],"_links":{"self":[{"href":"https:\/\/www.albinfo.at\/fr\/wp-json\/wp\/v2\/posts\/480785","targetHints":{"allow":["GET"]}}],"collection":[{"href":"https:\/\/www.albinfo.at\/fr\/wp-json\/wp\/v2\/posts"}],"about":[{"href":"https:\/\/www.albinfo.at\/fr\/wp-json\/wp\/v2\/types\/post"}],"author":[{"embeddable":true,"href":"https:\/\/www.albinfo.at\/fr\/wp-json\/wp\/v2\/users\/4"}],"replies":[{"embeddable":true,"href":"https:\/\/www.albinfo.at\/fr\/wp-json\/wp\/v2\/comments?post=480785"}],"version-history":[{"count":0,"href":"https:\/\/www.albinfo.at\/fr\/wp-json\/wp\/v2\/posts\/480785\/revisions"}],"wp:featuredmedia":[{"embeddable":true,"href":"https:\/\/www.albinfo.at\/fr\/wp-json\/wp\/v2\/media\/480782"}],"wp:attachment":[{"href":"https:\/\/www.albinfo.at\/fr\/wp-json\/wp\/v2\/media?parent=480785"}],"wp:term":[{"taxonomy":"category","embeddable":true,"href":"https:\/\/www.albinfo.at\/fr\/wp-json\/wp\/v2\/categories?post=480785"},{"taxonomy":"post_tag","embeddable":true,"href":"https:\/\/www.albinfo.at\/fr\/wp-json\/wp\/v2\/tags?post=480785"},{"taxonomy":"vendi","embeddable":true,"href":"https:\/\/www.albinfo.at\/fr\/wp-json\/wp\/v2\/vendi?post=480785"},{"taxonomy":"content_country","embeddable":true,"href":"https:\/\/www.albinfo.at\/fr\/wp-json\/wp\/v2\/content_country?post=480785"}],"curies":[{"name":"wp","href":"https:\/\/api.w.org\/{rel}","templated":true}]}}