{"id":480776,"date":"2021-06-18T22:55:25","date_gmt":"2021-06-18T20:55:25","guid":{"rendered":"https:\/\/www.albinfo.ch\/?p=480776"},"modified":"2021-06-18T22:44:26","modified_gmt":"2021-06-18T20:44:26","slug":"la-conseillere-federale-simonetta-sommaruga-en-visite-de-travail-en-californie","status":"publish","type":"post","link":"https:\/\/www.albinfo.at\/fr\/la-conseillere-federale-simonetta-sommaruga-en-visite-de-travail-en-californie\/","title":{"rendered":"La conseill\u00e8re f\u00e9d\u00e9rale Simonetta Sommaruga en visite de travail en Californie"},"content":{"rendered":"<div class=\"contentHead\"><\/div>\n<div class=\"mod mod-nsbnewsdetails\">\n<p><strong>Du 21 au 24 juin 2021, la conseill\u00e8re f\u00e9d\u00e9rale Simonetta Sommaruga effectuera une visite de travail virtuelle en Californie. Il s\u2019agit d\u2019une premi\u00e8re. La cheffe du DETEC discutera avec deux personnalit\u00e9s politiques de cet \u00c9tat f\u00e9d\u00e9ral am\u00e9ricain : Eleni Kounalakis, vice-gouverneur de Californie, et David Hochschild, pr\u00e9sident de la Commission californienne de l\u2019\u00e9nergie. De plus, elle visitera des entreprises qui investissent dans un avenir respectueux du climat. Elle assistera notamment \u00e0 des pr\u00e9sentations de la fabrication de trains et de v\u00e9hicules \u00e9lectriques. Cette visite de travail virtuelle est un projet pilote qui se base sur les exp\u00e9riences faites pendant la pand\u00e9mie de coronavirus. La conseill\u00e8re f\u00e9d\u00e9rale Simonetta Sommaruga souhaite \u00e9valuer dans quelle mesure de telles visites respectueuses du climat peuvent servir de mod\u00e8le pour certaines destinations.<\/strong><\/p>\n<p>C\u2019est la premi\u00e8re fois qu\u2019un membre du Conseil f\u00e9d\u00e9ral effectue une visite de travail sous cette forme. M\u00eame si cette visite sera virtuelle, elle se d\u00e9roulera en temps r\u00e9el et comprendra les m\u00eames \u00e9l\u00e9ments qu\u2019un voyage classique, comme des visites in situ, des visites d\u2019entreprises et diverses manifestations telles que des entretiens avec des sp\u00e9cialistes du climat et des repr\u00e9sentants des milieux \u00e9conomiques. Gr\u00e2ce \u00e0 des outils num\u00e9riques et \u00e0 des drones, il sera possible de faire une randonn\u00e9e dans les vignobles de la vall\u00e9e de Napa, qui sont particuli\u00e8rement affect\u00e9s par les changements climatiques, et de d\u00e9couvrir la for\u00eat de s\u00e9quoias \u00ab\u00a0Muir Woods\u00a0\u00bb, que le pr\u00e9sident Theodore Roosevelt a d\u00e9sign\u00e9 en 1908 comme le premier monument national priv\u00e9. La cheffe du DETEC visitera \u00e9galement une biblioth\u00e8que publique de San Francisco dont les g\u00e9rantes s\u2019engagent en faveur des personnes d\u00e9favoris\u00e9es.<\/p>\n<p>Ce \u00ab\u00a0voyage\u00a0\u00bb constitue un projet pilote bas\u00e9 sur les exp\u00e9riences faites pendant la pand\u00e9mie de coronavirus, notamment les nombreux entretiens qui ont exceptionnellement eu lieu de mani\u00e8re virtuelle. La conseill\u00e8re f\u00e9d\u00e9rale Simonetta Sommaruga souhaite \u00e9valuer dans quelle mesure de telles visites respectueuses du climat peuvent servir de mod\u00e8le pour certaines destinations.<\/p>\n<p><b>La Californie et la Suisse\u00a0: des investissements dans un avenir sans \u00e9nergie fossile<\/b><\/p>\n<p>La Suisse et l\u2019\u00c9tat de Californie, situ\u00e9 au sud-ouest des \u00c9tats-Unis, sont fortement touch\u00e9s par les changements climatiques. En Californie, les cons\u00e9quences sont clairement visibles. Les p\u00e9riodes de s\u00e9cheresse sont de plus en plus longues, et de plus en plus d\u2019incendies d\u00e9vastateurs d\u00e9truisent des habitations et des terres fertiles. Ces ph\u00e9nom\u00e8nes acc\u00e9l\u00e8rent la disparition des esp\u00e8ces et menacent les for\u00eats ainsi que l\u2019avenir des domaines viticoles de la vall\u00e9e de Napa.<\/p>\n<p>La Californie a donc mis en place des mesures pour rem\u00e9dier \u00e0 cette situation. Le gouvernement investit \u00e9norm\u00e9ment dans la protection du climat, restructure le syst\u00e8me \u00e9nerg\u00e9tique pour le baser sur des \u00e9nergies renouvelables et pr\u00e9voit d\u2019atteindre la neutralit\u00e9 climatique au plus tard en 2045. Pour ce faire, il encourage une mobilit\u00e9 sans carburants fossiles. Dans cet \u00c9tat am\u00e9ricain, de nouvelles id\u00e9es sont r\u00e9guli\u00e8rement d\u00e9velopp\u00e9es pour remplacer les \u00e9nergies fossiles par des \u00e9nergies renouvelables. Des entrepreneurs suisses s\u2019engagent \u00e9galement en Californie.<\/p>\n<p>\u00c0 l\u2019occasion de cette visite de travail virtuelle qui aura lieu du 21 au 24\u00a0juin\u00a02021, la conseill\u00e8re f\u00e9d\u00e9rale Simonetta Sommaruga s\u2019entretiendra avec des responsables politiques des domaines de l\u2019\u00e9nergie, de l\u2019environnement et des transports ainsi qu\u2019avec des repr\u00e9sentants d\u2019entreprises suisses et am\u00e9ricaines qui investissent dans des technologies propres et dans une mobilit\u00e9 respectueuse du climat. En outre, elle assistera \u00e0 des pr\u00e9sentations de ces entreprises, par exemple de l\u2019usine situ\u00e9e \u00e0 Salt Lake City (Utah) de la soci\u00e9t\u00e9 suisse Stadler, qui construit des v\u00e9hicules ferroviaires. La cheffe du DETEC \u00e9changera \u00e9galement avec des experts au sujet des changements climatiques et de leurs cons\u00e9quences sur la diversit\u00e9 des esp\u00e8ces et sur l\u2019agriculture.<\/p>\n<\/div>\n","protected":false},"excerpt":{"rendered":"<p>La cheffe du DETEC discutera avec deux personnalit\u00e9s politiques de cet \u00c9tat f\u00e9d\u00e9ral am\u00e9ricain : Eleni Kounalakis, vice-gouverneur de Californie, et David Hochschild, pr\u00e9sident de la Commission californienne de l\u2019\u00e9nergie<\/p>\n","protected":false},"author":4,"featured_media":364594,"comment_status":"open","ping_status":"open","sticky":false,"template":"","format":"standard","meta":{"footnotes":""},"categories":[1171,1170],"tags":[],"vendi":[],"content_country":[31835,31838,31840],"class_list":["post-480776","post","type-post","status-publish","format-standard","has-post-thumbnail","hentry","category-thematique","category-vivre-en-suisse","content_country-austria-fr","content_country-germany-fr","content_country-zvicer-fr"],"acf":[],"_links":{"self":[{"href":"https:\/\/www.albinfo.at\/fr\/wp-json\/wp\/v2\/posts\/480776","targetHints":{"allow":["GET"]}}],"collection":[{"href":"https:\/\/www.albinfo.at\/fr\/wp-json\/wp\/v2\/posts"}],"about":[{"href":"https:\/\/www.albinfo.at\/fr\/wp-json\/wp\/v2\/types\/post"}],"author":[{"embeddable":true,"href":"https:\/\/www.albinfo.at\/fr\/wp-json\/wp\/v2\/users\/4"}],"replies":[{"embeddable":true,"href":"https:\/\/www.albinfo.at\/fr\/wp-json\/wp\/v2\/comments?post=480776"}],"version-history":[{"count":0,"href":"https:\/\/www.albinfo.at\/fr\/wp-json\/wp\/v2\/posts\/480776\/revisions"}],"wp:featuredmedia":[{"embeddable":true,"href":"https:\/\/www.albinfo.at\/fr\/wp-json\/wp\/v2\/media\/364594"}],"wp:attachment":[{"href":"https:\/\/www.albinfo.at\/fr\/wp-json\/wp\/v2\/media?parent=480776"}],"wp:term":[{"taxonomy":"category","embeddable":true,"href":"https:\/\/www.albinfo.at\/fr\/wp-json\/wp\/v2\/categories?post=480776"},{"taxonomy":"post_tag","embeddable":true,"href":"https:\/\/www.albinfo.at\/fr\/wp-json\/wp\/v2\/tags?post=480776"},{"taxonomy":"vendi","embeddable":true,"href":"https:\/\/www.albinfo.at\/fr\/wp-json\/wp\/v2\/vendi?post=480776"},{"taxonomy":"content_country","embeddable":true,"href":"https:\/\/www.albinfo.at\/fr\/wp-json\/wp\/v2\/content_country?post=480776"}],"curies":[{"name":"wp","href":"https:\/\/api.w.org\/{rel}","templated":true}]}}