{"id":469214,"date":"2021-05-13T22:54:11","date_gmt":"2021-05-13T20:54:11","guid":{"rendered":"https:\/\/www.albinfo.ch\/?p=469214"},"modified":"2021-05-13T22:54:50","modified_gmt":"2021-05-13T20:54:50","slug":"rapport-statistique-2021-comment-vivent-les-familles-daujourdhui-en-suisse","status":"publish","type":"post","link":"https:\/\/www.albinfo.at\/fr\/rapport-statistique-2021-comment-vivent-les-familles-daujourdhui-en-suisse\/","title":{"rendered":"Rapport statistique 2021: Comment vivent les familles d&#8217;aujourd&#8217;hui en Suisse?"},"content":{"rendered":"<div class=\"contentHead\"><\/div>\n<div>\n<div class=\"mod mod-ws_detail\">\n<div class=\"ws_detail-press\">\n<p><b>En Suisse, pr\u00e8s d\u2019un m\u00e9nage priv\u00e9 sur trois compte des enfants de moins de 25 ans. La grande majorit\u00e9 des enfants vit avec ses deux parents. 13% vivent dans un m\u00e9nage monoparental et 6% dans une famille recompos\u00e9e. Si les transferts sociaux permettent de r\u00e9duire consid\u00e9rablement le taux de pauvret\u00e9, nombre de m\u00e9nages monoparentaux se trouvent dans une situation financi\u00e8re d\u00e9licate. Ils risquent davantage de tomber dans la pauvret\u00e9, de d\u00e9pendre de l\u2019aide sociale et sont dans l\u2019ensemble moins satisfaits de leur vie. Ce sont-l\u00e0 quelques-uns des r\u00e9sultats du rapport statistique 2021 sur les familles en Suisse \u00e9tabli par l\u2019Office f\u00e9d\u00e9ral de la statistique (OFS).<\/b><\/p>\n<p>La pr\u00e9sence d\u2019enfants dans le m\u00e9nage influe sur la r\u00e9partition des r\u00f4les entre les parents. Parmi les m\u00e8res actives occup\u00e9es qui \u00e9l\u00e8vent des enfants de moins de 25 ans, 78% travaillent \u00e0 temps partiel. C\u2019est le cas de 40% des femmes qui vivent en couple dans un m\u00e9nage sans enfant et de 31% de celles qui vivent seules. Le temps partiel est moins r\u00e9pandu chez les hommes: 12% des p\u00e8res qui vivent avec des enfants de moins de 25 ans travaillent \u00e0 temps partiel.<\/p>\n<p>Dans les m\u00e9nages constitu\u00e9s d\u2019un couple et d\u2019enfants en bas \u00e2ge, la r\u00e9alit\u00e9 est souvent bien loin de la r\u00e9partition souhait\u00e9e de l\u2019activit\u00e9 professionnelle entre les parents. 46% des couples souhaiteraient que les deux parents travaillent \u00e0 temps partiel. En r\u00e9alit\u00e9, le mod\u00e8le du \u00abp\u00e8re travaillant \u00e0 plein temps et la m\u00e8re \u00e0 temps partiel\u00bb pr\u00e9domine: il est v\u00e9cu par 49% des couples avec des enfants de moins de quatre ans. Dans 10% de ces couples seulement, les deux parents travaillent \u00e0 temps partiel.<\/p>\n<p><b>Garde des enfants par les grands-parents: la Suisse au-dessus de la moyenne europ\u00e9enne \u00a0<\/b><\/p>\n<p>En Suisse, plus d\u2019un tiers des enfants de moins de trois ans sont confi\u00e9s \u00e0 une garde extrafamiliale formelle. Cela correspond \u00e0 la moyenne europ\u00e9enne de 35%. Outre les structures de garde formelle telles que les cr\u00e8ches et les familles de jour affili\u00e9es \u00e0 un r\u00e9seau, d\u2019autres formes de garde occupent une place importante: 40% des enfants de moins de trois ans en Suisse sont pris en charge exclusivement par leurs grands-parents, d\u2019autres particuliers ou des familles de jour non affili\u00e9es \u00e0 une organisation ou le sont en combinaison avec une garde formelle. La moyenne europ\u00e9enne se situe ici \u00e0 28%.<\/p>\n<p><b>Un cinqui\u00e8me des m\u00e9nages monoparentaux d\u00e9pend de l\u2019aide sociale<\/b><\/p>\n<p>Nombreux sont les m\u00e9nages monoparentaux dont la situation financi\u00e8re est tendue: 23% d\u2019entre eux ont des difficult\u00e9s voire de grandes difficult\u00e9s \u00e0 joindre les deux bouts, alors que c\u2019est le cas de 13% des m\u00e9nages de couples avec enfants et de 7% de ceux form\u00e9s d\u2019un couple de moins de 65 ans sans enfant. Les m\u00e9nages monoparentaux \u2014 comme les personnes vivant seules \u2014 sont particuli\u00e8rement expos\u00e9s \u00e0 la pauvret\u00e9 en termes de revenu. 21% b\u00e9n\u00e9ficient de prestations de l\u2019aide sociale. C\u2019est nettement plus que pour les autres formes de m\u00e9nages. Pour les parents \u00e9levant seuls des enfants, il est souvent difficile de concilier obligations familiales et activit\u00e9 professionnelle, et le parent qui a la garde (en g\u00e9n\u00e9ral, la m\u00e8re) ne peut souvent exercer une activit\u00e9 professionnelle que de mani\u00e8re limit\u00e9e. Le revenu provenant de cette derni\u00e8re ne peut pas toujours \u00eatre compl\u00e9t\u00e9 de mani\u00e8re suffisante par des pensions alimentaires.<\/p>\n<p><b>Le bien-\u00eatre d\u00e9pend grandement de la situation familiale<\/b><\/p>\n<p>La situation familiale, et notamment le fait de vivre en couple, influe grandement sur la sant\u00e9 des membres du m\u00e9nage et sur leur bien-\u00eatre. Les personnes en m\u00e9nage monoparental et celles qui vivent seules d\u00e9clarent moins souvent \u00eatre en bonne ou en tr\u00e8s bonne sant\u00e9 (respectivement 75% et 78%) que celles vivant dans un m\u00e9nage de couple avec enfants (83%) ou de couple sans enfant (81%).<\/p>\n<p>De plus, la part des personnes qui se disent tr\u00e8s satisfaites de leur vie actuelle est nettement plus basse (24%) chez les personnes vivant dans un m\u00e9nage monoparental et chez celles de moins de 65 ans qui vivent seules que chez les personnes qui vivent en couple, avec ou sans enfant (respectivement 38% et 41%). Cela vaut pour le degr\u00e9 de satisfaction par rapport aux relations personnelles autant que par rapport aux conditions de logement.<\/p>\n<p><b>L\u2019aide informelle, un \u00e9l\u00e9ment important des relations interg\u00e9n\u00e9rationnelles<\/b><\/p>\n<p>18% de la population de 25 \u00e0 80 ans apporte son aide au moins une fois par semaine \u00e0 une personne limit\u00e9e pour des raisons de sant\u00e9 dans les activit\u00e9s de la vie quotidienne. Quel que soit le groupe d\u2019\u00e2ge, les femmes sont plus actives que les hommes dans ce domaine (20% contre 15%).<\/p>\n<p>L\u2019\u00e2ge des personnes qui fournissent de l\u2019aide a une forte influence sur la cat\u00e9gorie de personnes aid\u00e9es. Les 25 \u00e0 44 ans et les 45 \u00e0 64 ans soutiennent avant tout leurs parents ou beaux-parents malades ou limit\u00e9s pour des raisons de sant\u00e9 (respectivement 48% et 65%). L\u2019aide apport\u00e9e par les 65 \u00e0 80 ans b\u00e9n\u00e9ficient rarement \u00e0 leurs parents, ceux-ci \u00e9tant souvent d\u00e9j\u00e0 d\u00e9c\u00e9d\u00e9s. Les personnes de ce groupe d\u2019\u00e2ge assistent le plus fr\u00e9quemment des personnes non apparent\u00e9es telles que des voisins, des amis, etc. (42%)<\/p>\n<\/div>\n<\/div>\n<\/div>\n","protected":false},"excerpt":{"rendered":"<p>13% vivent dans un m\u00e9nage monoparental et 6% dans une famille recompos\u00e9e. Si les transferts sociaux permettent de r\u00e9duire consid\u00e9rablement le taux de pauvret\u00e9, nombre de m\u00e9nages monoparentaux se trouvent dans une situation financi\u00e8re d\u00e9licate<\/p>\n","protected":false},"author":4,"featured_media":211221,"comment_status":"open","ping_status":"open","sticky":false,"template":"","format":"standard","meta":{"footnotes":""},"categories":[1171,1170],"tags":[],"vendi":[],"content_country":[31835,31838,31840],"class_list":["post-469214","post","type-post","status-publish","format-standard","has-post-thumbnail","hentry","category-thematique","category-vivre-en-suisse","content_country-austria-fr","content_country-germany-fr","content_country-zvicer-fr"],"acf":[],"_links":{"self":[{"href":"https:\/\/www.albinfo.at\/fr\/wp-json\/wp\/v2\/posts\/469214","targetHints":{"allow":["GET"]}}],"collection":[{"href":"https:\/\/www.albinfo.at\/fr\/wp-json\/wp\/v2\/posts"}],"about":[{"href":"https:\/\/www.albinfo.at\/fr\/wp-json\/wp\/v2\/types\/post"}],"author":[{"embeddable":true,"href":"https:\/\/www.albinfo.at\/fr\/wp-json\/wp\/v2\/users\/4"}],"replies":[{"embeddable":true,"href":"https:\/\/www.albinfo.at\/fr\/wp-json\/wp\/v2\/comments?post=469214"}],"version-history":[{"count":0,"href":"https:\/\/www.albinfo.at\/fr\/wp-json\/wp\/v2\/posts\/469214\/revisions"}],"wp:featuredmedia":[{"embeddable":true,"href":"https:\/\/www.albinfo.at\/fr\/wp-json\/wp\/v2\/media\/211221"}],"wp:attachment":[{"href":"https:\/\/www.albinfo.at\/fr\/wp-json\/wp\/v2\/media?parent=469214"}],"wp:term":[{"taxonomy":"category","embeddable":true,"href":"https:\/\/www.albinfo.at\/fr\/wp-json\/wp\/v2\/categories?post=469214"},{"taxonomy":"post_tag","embeddable":true,"href":"https:\/\/www.albinfo.at\/fr\/wp-json\/wp\/v2\/tags?post=469214"},{"taxonomy":"vendi","embeddable":true,"href":"https:\/\/www.albinfo.at\/fr\/wp-json\/wp\/v2\/vendi?post=469214"},{"taxonomy":"content_country","embeddable":true,"href":"https:\/\/www.albinfo.at\/fr\/wp-json\/wp\/v2\/content_country?post=469214"}],"curies":[{"name":"wp","href":"https:\/\/api.w.org\/{rel}","templated":true}]}}