{"id":465505,"date":"2021-04-28T21:20:16","date_gmt":"2021-04-28T19:20:16","guid":{"rendered":"https:\/\/www.albinfo.ch\/?p=465505"},"modified":"2021-04-28T21:05:54","modified_gmt":"2021-04-28T19:05:54","slug":"primes-dassurance-maladie-impayees-le-conseil-federal-veut-proteger-les-enfants","status":"publish","type":"post","link":"https:\/\/www.albinfo.at\/fr\/primes-dassurance-maladie-impayees-le-conseil-federal-veut-proteger-les-enfants\/","title":{"rendered":"Primes d\u2019assurance-maladie impay\u00e9es : le Conseil f\u00e9d\u00e9ral veut prot\u00e9ger les enfants"},"content":{"rendered":"<div class=\"contentHead\"><\/div>\n<div class=\"mod mod-nsbnewsdetails\">\n<p><strong>Le Conseil f\u00e9d\u00e9ral estime que les enfants ne doivent pas \u00eatre tenus pour responsables des primes d\u2019assurance-maladie impay\u00e9es par leurs parents. Il souhaite \u00e9galement supprimer les listes d\u2019assur\u00e9s en retard de paiement. Lors de sa s\u00e9ance du 28 avril 2021, il a pris position sur le rapport de la Commission de la s\u00e9curit\u00e9 sociale et de la sant\u00e9 publique du Conseil des Etats (CSSS-E) concernant l\u2019ex\u00e9cution de l\u2019obligation de payer les primes d\u2019assurance-maladie. Le Parlement devra se prononcer.<\/strong><\/p>\n<p>Le rapport de la CSSS-E fait suite \u00e0 l\u2019initiative du canton de Thurgovie d\u00e9pos\u00e9e en 2016 qui demande d\u2019adapter la loi sur l\u2019assurance-maladie (LAMal) concernant la prise en charge des primes impay\u00e9es. Dans sa prise de position, le Conseil f\u00e9d\u00e9ral salue les propositions de la commission concernant les mineurs, qui ne seront plus tenus pour responsables des primes impay\u00e9es par leurs parents et qui ne pourront plus figurer sur les listes d\u2019assur\u00e9s en retard de paiement. Le Conseil f\u00e9d\u00e9ral propose en plus d\u2019inscrire dans la loi la nullit\u00e9 des poursuites \u00e0 l\u2019encontre des mineurs pour les primes d&#8217;assurance-maladie et les participations aux co\u00fbts.<\/p>\n<p>Le Conseil f\u00e9d\u00e9ral soutient aussi la proposition de la commission de limiter le nombre de poursuites \u00e0 deux par ann\u00e9e, dans le but de r\u00e9duire les frais \u00e0 la charge des assur\u00e9s et des cantons. Il souhaite \u00e9galement limiter les montants des frais de rappel et de sommations des assureurs, qui devraient refl\u00e9ter uniquement les frais effectifs des assureurs.<\/p>\n<h2>Contre les listes d\u2019assur\u00e9s en retard de paiement<\/h2>\n<p>Contrairement \u00e0 la majorit\u00e9 de la commission, le Conseil f\u00e9d\u00e9ral souhaite en revanche abolir les listes d\u2019assur\u00e9s en retard de paiement. Il estime en effet que ces listes peuvent compromettre les soins m\u00e9dicaux de base des personnes les plus modestes et que leur utilit\u00e9 n\u2019a jamais \u00e9t\u00e9 prouv\u00e9e.<\/p>\n<p>Actuellement, seuls les cantons d\u2019Argovie, Lucerne, Tessin, Zoug et Thurgovie utilisent les listes d\u2019assur\u00e9s en retard de paiement. Le parlement du canton de Saint-Gall a r\u00e9cemment vot\u00e9 leur abolition. Depuis le d\u00e9but de l\u2019ann\u00e9e 2021, plus aucun canton n\u2019inclut les mineurs dans les listes.<\/p>\n<\/div>\n","protected":false},"excerpt":{"rendered":"<p>Le Conseil f\u00e9d\u00e9ral soutient aussi la proposition de la commission de limiter le nombre de poursuites \u00e0 deux par ann\u00e9e, dans le but de r\u00e9duire les frais \u00e0 la charge des assur\u00e9s et des cantons<\/p>\n","protected":false},"author":4,"featured_media":333733,"comment_status":"open","ping_status":"open","sticky":false,"template":"","format":"standard","meta":{"footnotes":""},"categories":[1171,1170],"tags":[],"vendi":[],"content_country":[31835,31838,31840],"class_list":["post-465505","post","type-post","status-publish","format-standard","has-post-thumbnail","hentry","category-thematique","category-vivre-en-suisse","content_country-austria-fr","content_country-germany-fr","content_country-zvicer-fr"],"acf":[],"_links":{"self":[{"href":"https:\/\/www.albinfo.at\/fr\/wp-json\/wp\/v2\/posts\/465505","targetHints":{"allow":["GET"]}}],"collection":[{"href":"https:\/\/www.albinfo.at\/fr\/wp-json\/wp\/v2\/posts"}],"about":[{"href":"https:\/\/www.albinfo.at\/fr\/wp-json\/wp\/v2\/types\/post"}],"author":[{"embeddable":true,"href":"https:\/\/www.albinfo.at\/fr\/wp-json\/wp\/v2\/users\/4"}],"replies":[{"embeddable":true,"href":"https:\/\/www.albinfo.at\/fr\/wp-json\/wp\/v2\/comments?post=465505"}],"version-history":[{"count":0,"href":"https:\/\/www.albinfo.at\/fr\/wp-json\/wp\/v2\/posts\/465505\/revisions"}],"wp:featuredmedia":[{"embeddable":true,"href":"https:\/\/www.albinfo.at\/fr\/wp-json\/wp\/v2\/media\/333733"}],"wp:attachment":[{"href":"https:\/\/www.albinfo.at\/fr\/wp-json\/wp\/v2\/media?parent=465505"}],"wp:term":[{"taxonomy":"category","embeddable":true,"href":"https:\/\/www.albinfo.at\/fr\/wp-json\/wp\/v2\/categories?post=465505"},{"taxonomy":"post_tag","embeddable":true,"href":"https:\/\/www.albinfo.at\/fr\/wp-json\/wp\/v2\/tags?post=465505"},{"taxonomy":"vendi","embeddable":true,"href":"https:\/\/www.albinfo.at\/fr\/wp-json\/wp\/v2\/vendi?post=465505"},{"taxonomy":"content_country","embeddable":true,"href":"https:\/\/www.albinfo.at\/fr\/wp-json\/wp\/v2\/content_country?post=465505"}],"curies":[{"name":"wp","href":"https:\/\/api.w.org\/{rel}","templated":true}]}}