{"id":465305,"date":"2021-04-27T23:35:37","date_gmt":"2021-04-27T21:35:37","guid":{"rendered":"https:\/\/www.albinfo.ch\/?p=465305"},"modified":"2021-04-27T23:26:44","modified_gmt":"2021-04-27T21:26:44","slug":"le-nombre-de-personnes-detenues-en-suisse-est-au-plus-bas-depuis-2011","status":"publish","type":"post","link":"https:\/\/www.albinfo.at\/fr\/le-nombre-de-personnes-detenues-en-suisse-est-au-plus-bas-depuis-2011\/","title":{"rendered":"Le nombre de personnes d\u00e9tenues en Suisse est au plus bas depuis 2011"},"content":{"rendered":"<div class=\"contentHead\">\n<p><b style=\"font-size: 16px;\">La Suisse comptait 6316 personnes d\u00e9tenues le 31 janvier 2021, soit une diminution de l\u2019effectif total de 8,4% par rapport au m\u00eame jour de r\u00e9f\u00e9rence en 2020. La majorit\u00e9 des d\u00e9tenus (65%) ex\u00e9cutait une peine ou une mesure (y compris en ex\u00e9cution anticip\u00e9e), 1986 personnes (31%) se trouvaient en d\u00e9tention provisoire ou pour des motifs de s\u00fbret\u00e9 et 235 personnes (4%) \u00e9taient incarc\u00e9r\u00e9es pour d\u2019autres raisons. Il y avait 73 d\u00e9tenus pour 100 000 habitants. Ces r\u00e9sultats sont tir\u00e9s du relev\u00e9 de l\u2019Office f\u00e9d\u00e9ral de la statistique (OFS) sur la privation de libert\u00e9 (FHE).<\/b><\/p>\n<\/div>\n<div>\n<div class=\"mod mod-ws_detail\">\n<div class=\"ws_detail-press\">\n<p>Parmi l\u2019ensemble des 7397 places disponibles dans les 92 \u00e9tablissements de privation de libert\u00e9, 85,4% \u00e9taient occup\u00e9es. Malgr\u00e9 une diminution du nombre des institutions de privation de libert\u00e9 entre 2020 et 2021, la capacit\u00e9 totale des \u00e9tablissements a augment\u00e9 de 24 places de d\u00e9tention. Ceci confirme en outre la tendance \u00e0 la fermeture des \u00e9tablissements de petite taille au profit de la mise en service de ceux pouvant accueillir plus de personnes.<\/p>\n<p><b>L\u2019effectif en d\u00e9tention \u00abavant jugement\u00bb augmente l\u00e9g\u00e8rement<\/b><\/p>\n<p>Au jour de r\u00e9f\u00e9rence, il y avait 1986 personnes d\u00e9tenues en d\u00e9tention provisoire ou pour des motifs de s\u00fbret\u00e9 en Suisse, soit une augmentation de 4,4% par rapport au 31 janvier 2020. La majorit\u00e9 de ces 1986 personnes \u00e9taient des hommes (92,7%). Plus de trois quarts \u00e9taient \u00e2g\u00e9s de plus de 24 ans (76,4%).<\/p>\n<p>En revanche, comparativement, les effectifs relev\u00e9s dans les autres genres de d\u00e9tention ont tous diminu\u00e9 entre la fin du mois de janvier 2020 et la fin du mois de janvier 2021. Cette baisse se situe entre 10% en ex\u00e9cution (anticip\u00e9e) de peine ou de mesure et 57% en mesures de contrainte selon la loi f\u00e9d\u00e9rale sur les \u00e9trangers et l\u2019int\u00e9gration (LEI).<\/p>\n<p><b>Baisse des incarc\u00e9rations et des journ\u00e9es de d\u00e9tention en 2020<\/b><\/p>\n<p>Le nombre de journ\u00e9es de d\u00e9tention pass\u00e9es dans les \u00e9tablissements p\u00e9nitentiaires en 2020 a diminu\u00e9 de 8% par rapport \u00e0 l\u2019ann\u00e9e 2019. En comparaison des autres types de d\u00e9tention, la diminution la plus importante en pourcentage concerne les personnes d\u00e9tenues en mesures de contrainte selon la LEI avec une baisse de 36,4%.<\/p>\n<p>En calculant la moyenne du nombre de personnes d\u00e9tenues par jour, soit en divisant le nombre total des journ\u00e9es de d\u00e9tention par le nombre de jours que compte une ann\u00e9e, 6277 personnes \u00e9taient d\u00e9tenues chaque jour en moyenne en Suisse en 2020 (2019: 6845 personnes). Le nombre total des incarc\u00e9rations a quant \u00e0 lui diminu\u00e9 de 13,4%, passant de 47 588 en 2019 \u00e0 41 224 en 2020.<\/p>\n<\/div>\n<\/div>\n<\/div>\n","protected":false},"excerpt":{"rendered":"<p>Le nombre total des incarc\u00e9rations a quant \u00e0 lui diminu\u00e9 de 13,4%, passant de 47 588 en 2019 \u00e0 41 224 en 2020<\/p>\n","protected":false},"author":4,"featured_media":465302,"comment_status":"open","ping_status":"open","sticky":false,"template":"","format":"standard","meta":{"footnotes":""},"categories":[1171,1170],"tags":[],"vendi":[],"content_country":[],"class_list":["post-465305","post","type-post","status-publish","format-standard","has-post-thumbnail","hentry","category-thematique","category-vivre-en-suisse"],"acf":[],"_links":{"self":[{"href":"https:\/\/www.albinfo.at\/fr\/wp-json\/wp\/v2\/posts\/465305","targetHints":{"allow":["GET"]}}],"collection":[{"href":"https:\/\/www.albinfo.at\/fr\/wp-json\/wp\/v2\/posts"}],"about":[{"href":"https:\/\/www.albinfo.at\/fr\/wp-json\/wp\/v2\/types\/post"}],"author":[{"embeddable":true,"href":"https:\/\/www.albinfo.at\/fr\/wp-json\/wp\/v2\/users\/4"}],"replies":[{"embeddable":true,"href":"https:\/\/www.albinfo.at\/fr\/wp-json\/wp\/v2\/comments?post=465305"}],"version-history":[{"count":0,"href":"https:\/\/www.albinfo.at\/fr\/wp-json\/wp\/v2\/posts\/465305\/revisions"}],"wp:featuredmedia":[{"embeddable":true,"href":"https:\/\/www.albinfo.at\/fr\/wp-json\/wp\/v2\/media\/465302"}],"wp:attachment":[{"href":"https:\/\/www.albinfo.at\/fr\/wp-json\/wp\/v2\/media?parent=465305"}],"wp:term":[{"taxonomy":"category","embeddable":true,"href":"https:\/\/www.albinfo.at\/fr\/wp-json\/wp\/v2\/categories?post=465305"},{"taxonomy":"post_tag","embeddable":true,"href":"https:\/\/www.albinfo.at\/fr\/wp-json\/wp\/v2\/tags?post=465305"},{"taxonomy":"vendi","embeddable":true,"href":"https:\/\/www.albinfo.at\/fr\/wp-json\/wp\/v2\/vendi?post=465305"},{"taxonomy":"content_country","embeddable":true,"href":"https:\/\/www.albinfo.at\/fr\/wp-json\/wp\/v2\/content_country?post=465305"}],"curies":[{"name":"wp","href":"https:\/\/api.w.org\/{rel}","templated":true}]}}