{"id":465296,"date":"2021-04-27T23:15:47","date_gmt":"2021-04-27T21:15:47","guid":{"rendered":"https:\/\/www.albinfo.ch\/?p=465296"},"modified":"2021-04-27T23:15:47","modified_gmt":"2021-04-27T21:15:47","slug":"total-des-depenses-de-sante-en-2019-821-milliards-de-francs","status":"publish","type":"post","link":"https:\/\/www.albinfo.at\/fr\/total-des-depenses-de-sante-en-2019-821-milliards-de-francs\/","title":{"rendered":"Total des d\u00e9penses de sant\u00e9 en 2019: 82,1 milliards de francs"},"content":{"rendered":"<div class=\"contentHead\"><\/div>\n<div>\n<div class=\"mod mod-ws_detail\">\n<div class=\"ws_detail-press\">\n<p><b>\u00c9tablies selon les normes internationales, les d\u00e9penses de sant\u00e9 en Suisse ont totalis\u00e9 82,1 milliards de francs en 2019. Elles se sont accrues de 2,3% par rapport \u00e0 l\u2019ann\u00e9e pr\u00e9c\u00e9dente, une hausse qui est inf\u00e9rieure \u00e0 la tendance des cinq derni\u00e8res ann\u00e9es (+2,8%). Le rapport entre d\u00e9penses de sant\u00e9 et produit int\u00e9rieur brut (PIB) \u00e0 prix courants est de 11,3% (11,2% en 2018). Ce sont l\u00e0 les derniers r\u00e9sultats de la statistique des co\u00fbts et du financement du syst\u00e8me de sant\u00e9 \u00e9tablie par l&#8217;Office f\u00e9d\u00e9ral de la statistique (OFS).<br \/>\n<\/b><\/p>\n<p>Les d\u00e9penses de sant\u00e9, qui se montaient \u00e0 80,2 milliards de francs en 2018, ont augment\u00e9 de 1,8 milliard de francs, dont 82,2% (1,5 milliard) sont imputables \u00e0 la hausse enregistr\u00e9e pour les h\u00f4pitaux (+0,8 milliard), les cabinets m\u00e9dicaux (+0,5 milliard) et les institutions m\u00e9dico-sociales (+0,2 milliard).<\/p>\n<p>Par rapport au taux de croissance moyen sur les cinq derni\u00e8res ann\u00e9es (+2,8%), les r\u00e9sultats varient selon la cat\u00e9gorie de prestations. La croissance a \u00e9t\u00e9 inf\u00e9rieure \u00e0 la moyenne pour les traitements curatifs stationnaires (+1,0%) et n\u00e9gative dans le domaine de la pr\u00e9vention (\u20130,5%). \u00c0 l\u2019inverse, elle a affich\u00e9 un taux sup\u00e9rieur \u00e0 la moyenne pour les services auxiliaires (+7,1%; tels les secours et les analyses de laboratoire), la r\u00e9adaptation (+4,7%), l\u2019administration (+3,4%) et le mat\u00e9riel de sant\u00e9 (+3,1%).<\/p>\n<p><b>D\u00e9penses individuelles de sant\u00e9: 798 francs par mois\u00a0<\/b><\/p>\n<p>En 2019, les d\u00e9penses mensuelles de sant\u00e9 ont atteint 798 francs par personne, soit 12 francs de plus que l\u2019ann\u00e9e pr\u00e9c\u00e9dente. Elles ont \u00e9t\u00e9 couvertes \u00e0 raison de 302 francs (+12 fr.) par l&#8217;assurance-maladie obligatoire et de 149 francs (+2 fr.) par l\u2019\u00c9tat. 52 francs (+2 fr.) ont \u00e9t\u00e9 financ\u00e9s par des assurances sociales telles que l&#8217;AVS, l\u2019AI et l\u2019assurance-accidents, 30 francs (+\/\u20130 fr.) par d\u2019autres r\u00e9gimes de protection sociale sous condition de ressources, 56 francs (+3 fr.) par des assurances compl\u00e9mentaires et 11 francs (\u20134 fr.) par d\u2019autres financements priv\u00e9s.<\/p>\n<p>En plus des primes d&#8217;assurance-maladie et des imp\u00f4ts, les m\u00e9nages ont d\u00fb d\u00e9bourser directement le solde, soit 199 francs (\u20133 fr.). Ce montant comprend en particulier le financement des prestations des \u00e9tablissements m\u00e9dico-sociaux, des traitements dentaires ainsi que la franchise et la participation aux frais pr\u00e9vues par l\u2019assurance-maladie pour les traitements hospitaliers et ambulatoires.<\/p>\n<\/div>\n<\/div>\n<\/div>\n","protected":false},"excerpt":{"rendered":"<p>Co\u00fbts et financement du syst\u00e8me de sant\u00e9 en 2019: donn\u00e9es provisoires<\/p>\n","protected":false},"author":4,"featured_media":292484,"comment_status":"open","ping_status":"open","sticky":false,"template":"","format":"standard","meta":{"footnotes":""},"categories":[1171,1170],"tags":[],"vendi":[],"content_country":[],"class_list":["post-465296","post","type-post","status-publish","format-standard","has-post-thumbnail","hentry","category-thematique","category-vivre-en-suisse"],"acf":[],"_links":{"self":[{"href":"https:\/\/www.albinfo.at\/fr\/wp-json\/wp\/v2\/posts\/465296","targetHints":{"allow":["GET"]}}],"collection":[{"href":"https:\/\/www.albinfo.at\/fr\/wp-json\/wp\/v2\/posts"}],"about":[{"href":"https:\/\/www.albinfo.at\/fr\/wp-json\/wp\/v2\/types\/post"}],"author":[{"embeddable":true,"href":"https:\/\/www.albinfo.at\/fr\/wp-json\/wp\/v2\/users\/4"}],"replies":[{"embeddable":true,"href":"https:\/\/www.albinfo.at\/fr\/wp-json\/wp\/v2\/comments?post=465296"}],"version-history":[{"count":0,"href":"https:\/\/www.albinfo.at\/fr\/wp-json\/wp\/v2\/posts\/465296\/revisions"}],"wp:featuredmedia":[{"embeddable":true,"href":"https:\/\/www.albinfo.at\/fr\/wp-json\/wp\/v2\/media\/292484"}],"wp:attachment":[{"href":"https:\/\/www.albinfo.at\/fr\/wp-json\/wp\/v2\/media?parent=465296"}],"wp:term":[{"taxonomy":"category","embeddable":true,"href":"https:\/\/www.albinfo.at\/fr\/wp-json\/wp\/v2\/categories?post=465296"},{"taxonomy":"post_tag","embeddable":true,"href":"https:\/\/www.albinfo.at\/fr\/wp-json\/wp\/v2\/tags?post=465296"},{"taxonomy":"vendi","embeddable":true,"href":"https:\/\/www.albinfo.at\/fr\/wp-json\/wp\/v2\/vendi?post=465296"},{"taxonomy":"content_country","embeddable":true,"href":"https:\/\/www.albinfo.at\/fr\/wp-json\/wp\/v2\/content_country?post=465296"}],"curies":[{"name":"wp","href":"https:\/\/api.w.org\/{rel}","templated":true}]}}