{"id":461845,"date":"2021-04-14T22:13:54","date_gmt":"2021-04-14T20:13:54","guid":{"rendered":"https:\/\/www.albinfo.ch\/?p=461845"},"modified":"2021-04-14T22:13:54","modified_gmt":"2021-04-14T20:13:54","slug":"aide-publique-au-developpement-la-suisse-a-consacre-048-du-revenu-national-brut-en-2020","status":"publish","type":"post","link":"https:\/\/www.albinfo.at\/fr\/aide-publique-au-developpement-la-suisse-a-consacre-048-du-revenu-national-brut-en-2020\/","title":{"rendered":"Aide publique au d\u00e9veloppement : La Suisse a consacr\u00e9 0,48% du revenu national brut en 2020"},"content":{"rendered":"<div class=\"contentHead\"><\/div>\n<div class=\"mod mod-nsbnewsdetails\">\n<p>L\u2019augmentation de l\u2019APD est \u00e0 mettre en relation avec le cr\u00e9dit suppl\u00e9mentaire octroy\u00e9 par le Parlement en juin 2020, destin\u00e9 au soutien d\u2019actions internationales pour att\u00e9nuer les effets de la pand\u00e9mie de Covid-19. Le montant additionnel comptabilisable dans l\u2019APD 2020 correspond \u00e0 159 millions de francs. L\u2019augmentation du taux APD\/RNB en 2020 par rapport \u00e0 2019 (0,42%) s\u2019explique par l\u2019effet combin\u00e9 de ces moyens suppl\u00e9mentaires et du recul conjoncturel li\u00e9 \u00e0 la situation exceptionnelle de l\u2019ann\u00e9e 2020. Sur la base des derni\u00e8res estimations, le taux moyen d\u2019APD\/RNB pour la strat\u00e9gie de coop\u00e9ration internationale 2021-2024 atteindra 0,44%.<\/p>\n<p>Certains co\u00fbts d\u2019assistance aux r\u00e9fugi\u00e9s, requ\u00e9rants d\u2019asile et personnes admises provisoirement en Suisse sont comptabilis\u00e9s dans l\u2019APD. En 2020, ces co\u00fbts totalisent 303 millions de francs, ce qui repr\u00e9sente 9% de l\u2019APD. Hors comptabilisation de ces co\u00fbts d\u2019asile, le ratio entre l\u2019APD et le RNB s&#8217;\u00e9l\u00e8ve \u00e0 0,44%.<\/p>\n<p><strong>R\u00f4le de la coop\u00e9ration internationale suisse<\/strong><br \/>\nPar sa coop\u00e9ration internationale, la Suisse contribue \u00e0 la r\u00e9duction de la pauvret\u00e9, \u00e0 r\u00e9pondre aux d\u00e9fis globaux tels que les pand\u00e9mies ou le d\u00e9r\u00e8glement climatique, \u00e0 la promotion de la paix et des droits de l\u2019homme, ainsi qu\u2019\u00e0 la diminution des causes de la migration forc\u00e9e et irr\u00e9guli\u00e8re. Elle participe \u00e9galement \u00e0 l\u2019instauration d\u2019un d\u00e9veloppement mondial respectueux de l\u2019environnement, tout en veillant \u00e0 une gestion durable des ressources naturelles.<\/p>\n<p>La coop\u00e9ration internationale de la Conf\u00e9d\u00e9ration est principalement mise en \u0153uvre par la Direction du d\u00e9veloppement et de la coop\u00e9ration (DDC) du DFAE, le Secr\u00e9tariat d\u2019\u00c9tat \u00e0 l\u2019\u00e9conomie (SECO) du DEFR et la Division Paix et droits de l\u2019homme (DPDH) du DFAE. Aux activit\u00e9s de la coop\u00e9ration internationale s\u2019ajoutent des d\u00e9penses \u00e9ligibles au titre de l\u2019APD provenant d\u2019autres offices f\u00e9d\u00e9raux (dont les co\u00fbts li\u00e9s \u00e0 l\u2019asile), ainsi que les contributions des cantons et des communes suisses.<\/p>\n<p><strong>Comptabilisation de l\u2019APD et comparaison internationale<\/strong><br \/>\nLa comptabilisation de l\u2019APD se base sur les directives du Comit\u00e9 d\u2019aide au d\u00e9veloppement (CAD) de l\u2019Organisation de coop\u00e9ration et de d\u00e9veloppement \u00e9conomiques (OCDE). Celles-ci permettent une comparaison statistique de l\u2019engagement des 29 pays membres du CAD sur le plan international. Cette comparaison se fait en fonction de la part du revenu national brut que chacun de ces pays consacre \u00e0 l\u2019APD.<\/p>\n<p>Selon le communiqu\u00e9 de presse publi\u00e9 par l\u2019OCDE, le volume d\u2019aide a augment\u00e9 dans seize pays membres du CAD en 2020, dont la Suisse. Une diminution est \u00e0 constater dans treize pays. La Su\u00e8de, la Norv\u00e8ge, le Luxembourg, le Danemark, l\u2019Allemagne et le Royaume-Uni ont atteint en 2020 l\u2019objectif pr\u00e9conis\u00e9 par les Nations Unies de porter l\u2019APD \u00e0 0,7% du RNB. Dans le classement international, la Suisse se place au neuvi\u00e8me rang en 2020.<\/p>\n<\/div>\n","protected":false},"excerpt":{"rendered":"<p>En 2020, les apports d\u2019aide publique au d\u00e9veloppement (APD) de la Suisse ont totalis\u00e9 3,343 milliards de francs, soit 263 millions de plus que l\u2019ann\u00e9e pr\u00e9c\u00e9dente. En proportion du revenu national brut (RNB), l\u2019APD suisse atteint 0,48%<\/p>\n","protected":false},"author":4,"featured_media":356716,"comment_status":"open","ping_status":"open","sticky":false,"template":"","format":"standard","meta":{"footnotes":""},"categories":[1171,1170],"tags":[],"vendi":[],"content_country":[],"class_list":["post-461845","post","type-post","status-publish","format-standard","has-post-thumbnail","hentry","category-thematique","category-vivre-en-suisse"],"acf":[],"_links":{"self":[{"href":"https:\/\/www.albinfo.at\/fr\/wp-json\/wp\/v2\/posts\/461845","targetHints":{"allow":["GET"]}}],"collection":[{"href":"https:\/\/www.albinfo.at\/fr\/wp-json\/wp\/v2\/posts"}],"about":[{"href":"https:\/\/www.albinfo.at\/fr\/wp-json\/wp\/v2\/types\/post"}],"author":[{"embeddable":true,"href":"https:\/\/www.albinfo.at\/fr\/wp-json\/wp\/v2\/users\/4"}],"replies":[{"embeddable":true,"href":"https:\/\/www.albinfo.at\/fr\/wp-json\/wp\/v2\/comments?post=461845"}],"version-history":[{"count":0,"href":"https:\/\/www.albinfo.at\/fr\/wp-json\/wp\/v2\/posts\/461845\/revisions"}],"wp:featuredmedia":[{"embeddable":true,"href":"https:\/\/www.albinfo.at\/fr\/wp-json\/wp\/v2\/media\/356716"}],"wp:attachment":[{"href":"https:\/\/www.albinfo.at\/fr\/wp-json\/wp\/v2\/media?parent=461845"}],"wp:term":[{"taxonomy":"category","embeddable":true,"href":"https:\/\/www.albinfo.at\/fr\/wp-json\/wp\/v2\/categories?post=461845"},{"taxonomy":"post_tag","embeddable":true,"href":"https:\/\/www.albinfo.at\/fr\/wp-json\/wp\/v2\/tags?post=461845"},{"taxonomy":"vendi","embeddable":true,"href":"https:\/\/www.albinfo.at\/fr\/wp-json\/wp\/v2\/vendi?post=461845"},{"taxonomy":"content_country","embeddable":true,"href":"https:\/\/www.albinfo.at\/fr\/wp-json\/wp\/v2\/content_country?post=461845"}],"curies":[{"name":"wp","href":"https:\/\/api.w.org\/{rel}","templated":true}]}}