{"id":461166,"date":"2021-04-12T13:30:42","date_gmt":"2021-04-12T11:30:42","guid":{"rendered":"https:\/\/www.albinfo.ch\/?p=461166"},"modified":"2021-04-12T12:58:22","modified_gmt":"2021-04-12T10:58:22","slug":"informez-vous-sur-legalite-pour-les-personnes-handicapees","status":"publish","type":"post","link":"https:\/\/www.albinfo.at\/fr\/informez-vous-sur-legalite-pour-les-personnes-handicapees\/","title":{"rendered":"Informez-vous sur l\u2019\u00e9galit\u00e9 pour les personnes handicap\u00e9es"},"content":{"rendered":"<p>Plateforme d\u2019assistance Cl\u00e9A : une application web qui met en relation offre et demande d\u2019assistance<br \/>\nIl est souvent difficile pour les personnes handicap\u00e9es de mener une vie autonome. Pour leur faciliter la t\u00e2che, elles ont la possibilit\u00e9 d\u2019engager une assistance personnelle, autrement dit, des personnes qui les aident \u00e0 mieux g\u00e9rer leur quotidien \u00e0 la maison. Outre la vie \u00e0 domicile, l\u2019assistance leur permet \u00e9galement d\u2019exercer un emploi. Cependant, la charge administrative r\u00e9sultant d\u2019une telle assistance est importante, et la recherche d\u2019assistants s\u2019av\u00e8re souvent difficile. C\u2019est justement cela que l\u2019association de soutien Cl\u00e9A entend simplifier gr\u00e2ce \u00e0 l\u2019application web \u00ab Plateforme d\u2019assistance Cl\u00e9A \u00bb, dont la conception se veut claire. En deux clics, on arrive sur une page proposant deux options : \u00ab Je cherche une assistance \u00bb et \u00ab J\u2019offre une assistance \u00bb, puis sur des informations compl\u00e9mentaires. Les utilisateurs peuvent saisir d\u2019embl\u00e9e leurs besoins individuels, tels que la demande concr\u00e8te et le temps n\u00e9cessaire d\u2019assistance, ce qui facilite et acc\u00e9l\u00e8re la recherche de personnes appropri\u00e9es. Cette fonctionnalit\u00e9 pr\u00e9sente des avantages, et pas seulement pour les personnes handicap\u00e9es. Le travail d\u2019assistant est peu connu. Aussi, Cl\u00e9A entend faire mieux conna\u00eetre les avantages d\u2019une activit\u00e9 d\u2019assistant, qui permet de travailler \u00e0 temps partiel et convient aussi bien aux \u00e9tudiants, qu\u2019aux parents ayant des enfants, aux personnes en r\u00e9orientation professionnelle ou aux seniors.<\/p>\n","protected":false},"excerpt":{"rendered":"<p>Newsletter BFEH 2\/2021\u00a0Th\u00e8me prioritaire \u00ab Autonomie \u00bb<\/p>\n","protected":false},"author":4,"featured_media":432631,"comment_status":"open","ping_status":"open","sticky":false,"template":"","format":"standard","meta":{"footnotes":""},"categories":[1171,1170],"tags":[],"vendi":[],"content_country":[],"class_list":["post-461166","post","type-post","status-publish","format-standard","has-post-thumbnail","hentry","category-thematique","category-vivre-en-suisse"],"acf":[],"_links":{"self":[{"href":"https:\/\/www.albinfo.at\/fr\/wp-json\/wp\/v2\/posts\/461166","targetHints":{"allow":["GET"]}}],"collection":[{"href":"https:\/\/www.albinfo.at\/fr\/wp-json\/wp\/v2\/posts"}],"about":[{"href":"https:\/\/www.albinfo.at\/fr\/wp-json\/wp\/v2\/types\/post"}],"author":[{"embeddable":true,"href":"https:\/\/www.albinfo.at\/fr\/wp-json\/wp\/v2\/users\/4"}],"replies":[{"embeddable":true,"href":"https:\/\/www.albinfo.at\/fr\/wp-json\/wp\/v2\/comments?post=461166"}],"version-history":[{"count":0,"href":"https:\/\/www.albinfo.at\/fr\/wp-json\/wp\/v2\/posts\/461166\/revisions"}],"wp:featuredmedia":[{"embeddable":true,"href":"https:\/\/www.albinfo.at\/fr\/wp-json\/wp\/v2\/media\/432631"}],"wp:attachment":[{"href":"https:\/\/www.albinfo.at\/fr\/wp-json\/wp\/v2\/media?parent=461166"}],"wp:term":[{"taxonomy":"category","embeddable":true,"href":"https:\/\/www.albinfo.at\/fr\/wp-json\/wp\/v2\/categories?post=461166"},{"taxonomy":"post_tag","embeddable":true,"href":"https:\/\/www.albinfo.at\/fr\/wp-json\/wp\/v2\/tags?post=461166"},{"taxonomy":"vendi","embeddable":true,"href":"https:\/\/www.albinfo.at\/fr\/wp-json\/wp\/v2\/vendi?post=461166"},{"taxonomy":"content_country","embeddable":true,"href":"https:\/\/www.albinfo.at\/fr\/wp-json\/wp\/v2\/content_country?post=461166"}],"curies":[{"name":"wp","href":"https:\/\/api.w.org\/{rel}","templated":true}]}}