{"id":461160,"date":"2021-04-12T13:00:40","date_gmt":"2021-04-12T11:00:40","guid":{"rendered":"https:\/\/www.albinfo.ch\/?p=461160"},"modified":"2021-04-12T12:45:51","modified_gmt":"2021-04-12T10:45:51","slug":"assurance-chomage-2020-pas-de-dette-grace-aux-fonds-verses-par-la-confederation","status":"publish","type":"post","link":"https:\/\/www.albinfo.at\/fr\/assurance-chomage-2020-pas-de-dette-grace-aux-fonds-verses-par-la-confederation\/","title":{"rendered":"Assurance-ch\u00f4mage 2020 : pas de dette gr\u00e2ce aux fonds vers\u00e9s par la Conf\u00e9d\u00e9ration"},"content":{"rendered":"<div class=\"contentHead\"><\/div>\n<div class=\"mod mod-nsbnewsdetails\">\n<p><strong>L\u2019assurance-ch\u00f4mage (AC) a boucl\u00e9 ses comptes annuels 2020 avec un exc\u00e9dent de 145 millions de francs et reste donc exempte de dette. Cette situation r\u00e9sulte de la prise en charge par la Conf\u00e9d\u00e9ration du co\u00fbt historiquement \u00e9lev\u00e9 des indemnit\u00e9s en cas de r\u00e9duction de l\u2019horaire de travail (RHT) vers\u00e9es pendant la crise du coronavirus. Cette crise perdurant, l\u2019AC sera confront\u00e9e \u00e0 de nouveaux d\u00e9fis en 2021. M\u00eame si la Conf\u00e9d\u00e9ration prend \u00e0 nouveau \u00e0 sa charge le co\u00fbt des indemnit\u00e9s en cas de RHT vers\u00e9es en 2021, un nouvel endettement de l\u2019AC est \u00e0 pr\u00e9voir.<\/strong><\/p>\n<p>Le fonds de compensation de l\u2019assurance-ch\u00f4mage (AC) a boucl\u00e9 l\u2019exercice 2020 avec un produit total de 18,99 millliards de francs (2019 : 8,06 milliards) et des d\u00e9penses totales de 18,85 milliards de francs (2019 : 6,50 milliards). L\u2019exc\u00e9dent s\u2019\u00e9l\u00e8ve donc \u00e0 0,14 milliard de francs (2019 : 1,56 milliard). 145 720 ch\u00f4meurs ont \u00e9t\u00e9 inscrits \u00e0 l\u2019AC en moyenne en 2020, ce qui correspond \u00e0 un taux de 3,1 % (2019 : 106 932 ch\u00f4meurs ; 2,3 %).<\/p>\n<p><strong>Comptes 2020 \u2013 le fonds exempt de dette<\/strong><br \/>\nLe montant des indemnit\u00e9s en cas de RHT de 10,78 milliards de francs a \u00e9t\u00e9 pris en charge par la Conf\u00e9d\u00e9ration par le versement d\u2019une contribution extraordinaire. Sans cette contribution, \u00e0 la fin 2020 l\u2019AC aurait largement d\u00e9pass\u00e9 le plafond de la dette fix\u00e9e dans la loi. Il aurait alors fallu augmenter les cotisations salariales \u00e0 partir du 1er janvier 2021 et le Conseil f\u00e9d\u00e9ral aurait d\u00fb r\u00e9former le financement de l\u2019AC. Afin d\u2019\u00e9viter une augmentation des cotisations salariales vu la situation \u00e9conomique actuelle et de maintenir la capacit\u00e9 de l\u2019AC d\u2019agir comme un stabilisateur conjoncturel, la Conf\u00e9d\u00e9ration a consenti \u00e0 verser une contribution extraordinaire. Cette mesure permet \u00e0 l\u2019AC de rester d\u00e9sendett\u00e9e.<br \/>\nAu moment de la publication de ces chiffres, le Contr\u00f4le f\u00e9d\u00e9ral des finances doit encore r\u00e9viser le bouclement de l\u2019exercice annuel et le Conseil f\u00e9d\u00e9ral approuver formellement le compte annuel.<\/p>\n<p><strong>Crise du coronavirus 2021 \u2013 nouvel endettement<\/strong><br \/>\nVu la persistance de la crise, les d\u00e9penses de l\u2019AC resteront \u00e9lev\u00e9es en 2021, en particulier pour l\u2019indemnit\u00e9 de ch\u00f4mage et l\u2019indemnit\u00e9 en cas de RHT. M\u00eame si la Conf\u00e9d\u00e9ration prend \u00e0 nouveau \u00e0 sa charge le co\u00fbt des indemnit\u00e9s en cas de RHT vers\u00e9es en 2021, il est probable que la hausse du ch\u00f4mage entra\u00eene un nouvel endettement de l\u2019AC.<\/p>\n<\/div>\n","protected":false},"excerpt":{"rendered":"<p>Le montant des indemnit\u00e9s en cas de RHT de 10,78 milliards de francs a \u00e9t\u00e9 pris en charge par la Conf\u00e9d\u00e9ration par le versement d\u2019une contribution extraordinaire<\/p>\n","protected":false},"author":4,"featured_media":380436,"comment_status":"open","ping_status":"open","sticky":false,"template":"","format":"standard","meta":{"footnotes":""},"categories":[1171,1170],"tags":[],"vendi":[],"content_country":[],"class_list":["post-461160","post","type-post","status-publish","format-standard","has-post-thumbnail","hentry","category-thematique","category-vivre-en-suisse"],"acf":[],"_links":{"self":[{"href":"https:\/\/www.albinfo.at\/fr\/wp-json\/wp\/v2\/posts\/461160","targetHints":{"allow":["GET"]}}],"collection":[{"href":"https:\/\/www.albinfo.at\/fr\/wp-json\/wp\/v2\/posts"}],"about":[{"href":"https:\/\/www.albinfo.at\/fr\/wp-json\/wp\/v2\/types\/post"}],"author":[{"embeddable":true,"href":"https:\/\/www.albinfo.at\/fr\/wp-json\/wp\/v2\/users\/4"}],"replies":[{"embeddable":true,"href":"https:\/\/www.albinfo.at\/fr\/wp-json\/wp\/v2\/comments?post=461160"}],"version-history":[{"count":0,"href":"https:\/\/www.albinfo.at\/fr\/wp-json\/wp\/v2\/posts\/461160\/revisions"}],"wp:featuredmedia":[{"embeddable":true,"href":"https:\/\/www.albinfo.at\/fr\/wp-json\/wp\/v2\/media\/380436"}],"wp:attachment":[{"href":"https:\/\/www.albinfo.at\/fr\/wp-json\/wp\/v2\/media?parent=461160"}],"wp:term":[{"taxonomy":"category","embeddable":true,"href":"https:\/\/www.albinfo.at\/fr\/wp-json\/wp\/v2\/categories?post=461160"},{"taxonomy":"post_tag","embeddable":true,"href":"https:\/\/www.albinfo.at\/fr\/wp-json\/wp\/v2\/tags?post=461160"},{"taxonomy":"vendi","embeddable":true,"href":"https:\/\/www.albinfo.at\/fr\/wp-json\/wp\/v2\/vendi?post=461160"},{"taxonomy":"content_country","embeddable":true,"href":"https:\/\/www.albinfo.at\/fr\/wp-json\/wp\/v2\/content_country?post=461160"}],"curies":[{"name":"wp","href":"https:\/\/api.w.org\/{rel}","templated":true}]}}