{"id":459734,"date":"2021-04-06T23:00:40","date_gmt":"2021-04-06T21:00:40","guid":{"rendered":"https:\/\/www.albinfo.ch\/?p=459734"},"modified":"2021-04-06T22:22:47","modified_gmt":"2021-04-06T20:22:47","slug":"les-autorites-doivent-savoir-qui-detient-lautorite-parentale","status":"publish","type":"post","link":"https:\/\/www.albinfo.at\/fr\/les-autorites-doivent-savoir-qui-detient-lautorite-parentale\/","title":{"rendered":"Les autorit\u00e9s doivent savoir qui d\u00e9tient l\u2019autorit\u00e9 parentale"},"content":{"rendered":"<div class=\"contentHead\"><\/div>\n<div class=\"mod mod-nsbnewsdetails\">\n<p>L&#8217;autorit\u00e9 parentale conf\u00e8re \u00e0 son d\u00e9tenteur la responsabilit\u00e9 de l&#8217;\u00e9ducation de l&#8217;enfant et le droit de d\u00e9terminer son lieu de r\u00e9sidence. Les situations o\u00f9 il importe de savoir qui a l&#8217;autorit\u00e9 parentale sont fr\u00e9quentes, que ce soit dans les rapports avec l&#8217;\u00e9cole, en cas d&#8217;intervention m\u00e9dicale ou encore lors d&#8217;un voyage \u00e0 l&#8217;\u00e9tranger.<\/p>\n<p>Il n&#8217;est actuellement pas possible d&#8217;obtenir une preuve fiable du r\u00e9gime applicable, si bien que les autorit\u00e9s et institutions concern\u00e9es (par ex. bureau des passeports, Corps des gardes-fronti\u00e8res, \u00e9cole) ne savent souvent pas qui d\u00e9tient l&#8217;autorit\u00e9 parentale, comme l&#8217;ont r\u00e9v\u00e9l\u00e9 les enqu\u00eates men\u00e9es sur le terrain. C&#8217;est la raison pour laquelle le Conseil f\u00e9d\u00e9ral juge qu&#8217;il est n\u00e9cessaire de prendre des mesures.<\/p>\n<p>Dans son rapport, le Conseil f\u00e9d\u00e9ral expose diff\u00e9rentes options et montre qu&#8217;une solution simple et pragmatique consisterait \u00e0 inscrire le r\u00e9gime de l&#8217;autorit\u00e9 parentale dans les registres cantonaux des habitants et \u00e0 permettre \u00e0 certaines autorit\u00e9s d&#8217;acc\u00e9der aux informations voulues en passant par les services des habitants. Souhaitant examiner cette solution plus en d\u00e9tail, il a charg\u00e9 le D\u00e9partement f\u00e9d\u00e9ral de justice et police de lui pr\u00e9senter d&#8217;ici \u00e0 l&#8217;\u00e9t\u00e9 2022 une \u00e9tude de faisabilit\u00e9 d\u00e9taillant les \u00e9tapes \u00e0 franchir et les conditions techniques \u00e0 r\u00e9unir.<\/p>\n<\/div>\n","protected":false},"excerpt":{"rendered":"<p>Pour le bien de l\u2019enfant, il est important que les autorit\u00e9s puissent d\u00e9terminer avec certitude quel parent d\u00e9tient l\u2019autorit\u00e9 parentale. C\u2019est ce que conclut le Conseil f\u00e9d\u00e9ral dans le rapport \u00e9tabli en r\u00e9ponse \u00e0 un postulat, qu\u2019il a adopt\u00e9 lors de sa s\u00e9ance du 12 mars 2021. Il reste \u00e0 examiner s\u2019il serait possible de faire figurer cette information dans les registres cantonaux des habitants<\/p>\n","protected":false},"author":4,"featured_media":358670,"comment_status":"open","ping_status":"open","sticky":false,"template":"","format":"standard","meta":{"footnotes":""},"categories":[1171,1170],"tags":[],"vendi":[],"content_country":[],"class_list":["post-459734","post","type-post","status-publish","format-standard","has-post-thumbnail","hentry","category-thematique","category-vivre-en-suisse"],"acf":[],"_links":{"self":[{"href":"https:\/\/www.albinfo.at\/fr\/wp-json\/wp\/v2\/posts\/459734","targetHints":{"allow":["GET"]}}],"collection":[{"href":"https:\/\/www.albinfo.at\/fr\/wp-json\/wp\/v2\/posts"}],"about":[{"href":"https:\/\/www.albinfo.at\/fr\/wp-json\/wp\/v2\/types\/post"}],"author":[{"embeddable":true,"href":"https:\/\/www.albinfo.at\/fr\/wp-json\/wp\/v2\/users\/4"}],"replies":[{"embeddable":true,"href":"https:\/\/www.albinfo.at\/fr\/wp-json\/wp\/v2\/comments?post=459734"}],"version-history":[{"count":0,"href":"https:\/\/www.albinfo.at\/fr\/wp-json\/wp\/v2\/posts\/459734\/revisions"}],"wp:featuredmedia":[{"embeddable":true,"href":"https:\/\/www.albinfo.at\/fr\/wp-json\/wp\/v2\/media\/358670"}],"wp:attachment":[{"href":"https:\/\/www.albinfo.at\/fr\/wp-json\/wp\/v2\/media?parent=459734"}],"wp:term":[{"taxonomy":"category","embeddable":true,"href":"https:\/\/www.albinfo.at\/fr\/wp-json\/wp\/v2\/categories?post=459734"},{"taxonomy":"post_tag","embeddable":true,"href":"https:\/\/www.albinfo.at\/fr\/wp-json\/wp\/v2\/tags?post=459734"},{"taxonomy":"vendi","embeddable":true,"href":"https:\/\/www.albinfo.at\/fr\/wp-json\/wp\/v2\/vendi?post=459734"},{"taxonomy":"content_country","embeddable":true,"href":"https:\/\/www.albinfo.at\/fr\/wp-json\/wp\/v2\/content_country?post=459734"}],"curies":[{"name":"wp","href":"https:\/\/api.w.org\/{rel}","templated":true}]}}