{"id":459705,"date":"2021-04-06T22:00:26","date_gmt":"2021-04-06T20:00:26","guid":{"rendered":"https:\/\/www.albinfo.ch\/?p=459705"},"modified":"2021-04-06T21:55:39","modified_gmt":"2021-04-06T19:55:39","slug":"cas-de-grippe-aviaire-chez-des-volailles-domestiques-en-allemagne-vigilance-accrue-en-suisse-aussi","status":"publish","type":"post","link":"https:\/\/www.albinfo.at\/fr\/cas-de-grippe-aviaire-chez-des-volailles-domestiques-en-allemagne-vigilance-accrue-en-suisse-aussi\/","title":{"rendered":"Cas de grippe aviaire chez des volailles domestiques en Allemagne : vigilance accrue en Suisse aussi"},"content":{"rendered":"<div class=\"contentHead\"><\/div>\n<div class=\"mod mod-nsbnewsdetails\">\n<p>Le 22\u00a0mars\u00a02021, le virus de l\u2019influenza aviaire H5N8 a \u00e9t\u00e9 mis en \u00e9vidence dans une exploitation avicole en Allemagne. Il s\u2019agit d\u2019une grande exploitation qui \u00e9l\u00e8ve des poulettes. De nombreuses poulettes d\u00e9j\u00e0 infect\u00e9es ont \u00e9t\u00e9 vendues par des marchands itin\u00e9rants\u00a0: c\u2019est de cette fa\u00e7on que la maladie s\u2019est r\u00e9pandue dans presque toute l\u2019Allemagne. Le Bade-Wurtemberg est \u00e9galement concern\u00e9\u00a0: on proc\u00e8de actuellement \u00e0 des clarifications dans une soixantaine de petites exploitations. L\u2019Allemagne prend les mesures n\u00e9cessaires afin d\u2019\u00e9viter une propagation encore plus importante.<\/p>\n<p><b>Jusqu\u2019\u00e0 pr\u00e9sent, la situation en Suisse est bonne<\/b><\/p>\n<p>Normalement, l\u2019exploitation concern\u00e9e vend ses volailles exclusivement en Allemagne. On peut supposer qu\u2019aucun animal infect\u00e9 n\u2019a \u00e9t\u00e9 vendu en Suisse. De plus, le trafic frontalier est fortement limit\u00e9 en raison de la situation due au COVID-19. Il est donc peu probable que l\u2019influenza aviaire se soit propag\u00e9e en Suisse.<\/p>\n<p><b>La vigilance est essentielle<\/b><\/p>\n<p>Les d\u00e9tenteurs ayant achet\u00e9 des volailles vivantes \u00e0 des marchands itin\u00e9rants en Allemagne doivent imm\u00e9diatement s\u2019annoncer aupr\u00e8s du service v\u00e9t\u00e9rinaire comp\u00e9tent. Ils sont aussi pri\u00e9s de surveiller de pr\u00e8s leurs animaux, notamment si leur exploitation se situe dans la r\u00e9gion proche de la fronti\u00e8re avec le Bade-Wurtemberg. Les volailles qui tombent malades ou p\u00e9rissent doivent \u00eatre signal\u00e9es au v\u00e9t\u00e9rinaire. Il est essentiel de respecter les mesures de bios\u00e9curit\u00e9\u00a0: avant d\u2019entrer dans le poulailler, il faut changer de chaussures, mettre des surv\u00eatements et se laver et se d\u00e9sinfectez les mains. \u00c0 l\u2019heure actuelle, il est aussi fortement recommand\u00e9 de garder si possible les volailles sur l\u2019exploitation et de limiter au maximum les ventes d\u2019animaux.<\/p>\n<p>L\u2019\u00e9pisode actuel concerne les volailles domestiques. Il n\u2019est pas li\u00e9 aux r\u00e9cents cas de grippe aviaire chez les oiseaux sauvages dans la r\u00e9gion du lac de Constance. Selon les connaissances actuelles, la maladie n\u2019est pas transmissible \u00e0 l\u2019\u00eatre humain.<\/p>\n<p>L\u2019Office f\u00e9d\u00e9ral de la s\u00e9curit\u00e9 alimentaire et des affaires v\u00e9t\u00e9rinaires est en contact \u00e9troit avec les autorit\u00e9s allemandes et les services v\u00e9t\u00e9rinaires cantonaux. En fonction de l\u2019\u00e9volution de la situation, d\u2019autres mesures seront prises dans la zone proche de la fronti\u00e8re.<\/p>\n<\/div>\n","protected":false},"excerpt":{"rendered":"<p>Le virus de l\u2019influenza aviaire (grippe aviaire) de sous-type H5N8 a \u00e9t\u00e9 mis en \u00e9vidence en Allemagne dans de nombreuses exploitations avicoles. Pour l\u2019instant, rien n\u2019indique que des volailles provenant d\u2019exploitations infect\u00e9es soient entr\u00e9es en Suisse. Les d\u00e9tenteurs de volailles sont invit\u00e9s \u00e0 surveiller de pr\u00e8s leurs animaux et \u00e0 contacter leur v\u00e9t\u00e9rinaire en cas de maladie. Selon les connaissances actuelles, le virus est sans danger pour l\u2019\u00eatre humain<\/p>\n","protected":false},"author":4,"featured_media":346687,"comment_status":"open","ping_status":"open","sticky":false,"template":"","format":"standard","meta":{"footnotes":""},"categories":[1171,1170],"tags":[],"vendi":[],"content_country":[],"class_list":["post-459705","post","type-post","status-publish","format-standard","has-post-thumbnail","hentry","category-thematique","category-vivre-en-suisse"],"acf":[],"_links":{"self":[{"href":"https:\/\/www.albinfo.at\/fr\/wp-json\/wp\/v2\/posts\/459705","targetHints":{"allow":["GET"]}}],"collection":[{"href":"https:\/\/www.albinfo.at\/fr\/wp-json\/wp\/v2\/posts"}],"about":[{"href":"https:\/\/www.albinfo.at\/fr\/wp-json\/wp\/v2\/types\/post"}],"author":[{"embeddable":true,"href":"https:\/\/www.albinfo.at\/fr\/wp-json\/wp\/v2\/users\/4"}],"replies":[{"embeddable":true,"href":"https:\/\/www.albinfo.at\/fr\/wp-json\/wp\/v2\/comments?post=459705"}],"version-history":[{"count":0,"href":"https:\/\/www.albinfo.at\/fr\/wp-json\/wp\/v2\/posts\/459705\/revisions"}],"wp:featuredmedia":[{"embeddable":true,"href":"https:\/\/www.albinfo.at\/fr\/wp-json\/wp\/v2\/media\/346687"}],"wp:attachment":[{"href":"https:\/\/www.albinfo.at\/fr\/wp-json\/wp\/v2\/media?parent=459705"}],"wp:term":[{"taxonomy":"category","embeddable":true,"href":"https:\/\/www.albinfo.at\/fr\/wp-json\/wp\/v2\/categories?post=459705"},{"taxonomy":"post_tag","embeddable":true,"href":"https:\/\/www.albinfo.at\/fr\/wp-json\/wp\/v2\/tags?post=459705"},{"taxonomy":"vendi","embeddable":true,"href":"https:\/\/www.albinfo.at\/fr\/wp-json\/wp\/v2\/vendi?post=459705"},{"taxonomy":"content_country","embeddable":true,"href":"https:\/\/www.albinfo.at\/fr\/wp-json\/wp\/v2\/content_country?post=459705"}],"curies":[{"name":"wp","href":"https:\/\/api.w.org\/{rel}","templated":true}]}}