{"id":459700,"date":"2021-04-06T21:48:40","date_gmt":"2021-04-06T19:48:40","guid":{"rendered":"https:\/\/www.albinfo.ch\/?p=459700"},"modified":"2021-04-06T21:48:40","modified_gmt":"2021-04-06T19:48:40","slug":"fin-de-la-septieme-visite-periodique-du-comite-anti-torture-en-suisse","status":"publish","type":"post","link":"https:\/\/www.albinfo.at\/fr\/fin-de-la-septieme-visite-periodique-du-comite-anti-torture-en-suisse\/","title":{"rendered":"Fin de la septi\u00e8me visite p\u00e9riodique du Comit\u00e9 anti-torture en Suisse"},"content":{"rendered":"<div class=\"contentHead\">\n<p><span style=\"font-size: 16px;\">Lors de sa septi\u00e8me visite p\u00e9riodique en Suisse, qui a dur\u00e9 du 22 mars au 1er avril 2021, la d\u00e9l\u00e9gation du CPT s\u2019est rendue dans plusieurs \u00e9tablissements de d\u00e9tention. Elle a notamment inspect\u00e9 la prison de Champ-Dollon et l\u2019\u00e9tablissement ferm\u00e9 Curabilis \u00e0 Gen\u00e8ve, plusieurs lieux de d\u00e9tention de la police cantonale genevoise, la prison du Bois-Mermet \u00e0 Lausanne, la clinique psychiatrique forensique de K\u00f6nigsfelden (AG), l\u2019\u00e9tablissement p\u00e9nitentiaire de Soleure, l\u2019\u00e9tablissement p\u00e9nitentiaire de Thorberg (BE) et le centre d\u2019ex\u00e9cution des mesures de Uitikon (ZH). La d\u00e9l\u00e9gation, accompagn\u00e9e par des experts et des interpr\u00e8tes, a rendu visite \u00e0 des personnes priv\u00e9es de libert\u00e9 par d\u00e9cision des autorit\u00e9s pour des motifs relevant du droit p\u00e9nal, du droit de la proc\u00e9dure p\u00e9nale, du droit civil, du droit administratif ou du droit p\u00e9nal militaire.<\/span><\/p>\n<\/div>\n<p>Le Comit\u00e9 anti-torture europ\u00e9en r\u00e9digera un rapport \u00e0 l\u2019intention du Conseil f\u00e9d\u00e9ral sur ce qu\u2019il a observ\u00e9 dans les \u00e9tablissements et sur les sites qu\u2019il a visit\u00e9s. Il y exposera ses recommandations pour l\u2019am\u00e9lioration des conditions de d\u00e9tention, en se fondant sur la Convention europ\u00e9enne pour la pr\u00e9vention de la torture et des peines ou traitements inhumains ou d\u00e9gradants.<\/p>\n<p class=\"mod mod-nsbnewsdetails\">Le Comit\u00e9 anti-torture europ\u00e9en, qui se trouve \u00e0 Strasbourg, est un organe du Conseil de l\u2019Europe. Il est compos\u00e9 de juristes, de m\u00e9decins, de sp\u00e9cialistes de l\u2019ex\u00e9cution des peines et d\u2019autres experts. Il a comp\u00e9tence pour organiser des visites dans les \u00c9tats membres\u00a0; il s\u2019est d\u00e9j\u00e0 rendu en Suisse en 1991, 1996, 2001, 2003 (pour une visite ad hoc, s\u2019ajoutant aux visites p\u00e9riodiques), 2007, 2011 et 2015. Lors de ces visites, les membres du comit\u00e9 sont autoris\u00e9s \u00e0 avoir des discussions sans t\u00e9moin avec les personnes concern\u00e9es.<\/p>\n","protected":false},"excerpt":{"rendered":"<p>La d\u00e9l\u00e9gation du Comit\u00e9 europ\u00e9en pour la pr\u00e9vention de la torture et des peines ou traitements inhumains ou d\u00e9gradants (CPT) a termin\u00e9 jeudi la septi\u00e8me visite p\u00e9riodique qu\u2019elle a effectu\u00e9e en Suisse. Pendant les onze jours qu\u2019a dur\u00e9 son s\u00e9jour, elle s\u2019est rendue dans plusieurs \u00e9tablissements de d\u00e9tention dans les cantons de Gen\u00e8ve, Vaud, Argovie, Soleure, Berne et Zurich<\/p>\n","protected":false},"author":4,"featured_media":319445,"comment_status":"open","ping_status":"open","sticky":false,"template":"","format":"standard","meta":{"footnotes":""},"categories":[1171,1170],"tags":[],"vendi":[],"content_country":[],"class_list":["post-459700","post","type-post","status-publish","format-standard","has-post-thumbnail","hentry","category-thematique","category-vivre-en-suisse"],"acf":[],"_links":{"self":[{"href":"https:\/\/www.albinfo.at\/fr\/wp-json\/wp\/v2\/posts\/459700","targetHints":{"allow":["GET"]}}],"collection":[{"href":"https:\/\/www.albinfo.at\/fr\/wp-json\/wp\/v2\/posts"}],"about":[{"href":"https:\/\/www.albinfo.at\/fr\/wp-json\/wp\/v2\/types\/post"}],"author":[{"embeddable":true,"href":"https:\/\/www.albinfo.at\/fr\/wp-json\/wp\/v2\/users\/4"}],"replies":[{"embeddable":true,"href":"https:\/\/www.albinfo.at\/fr\/wp-json\/wp\/v2\/comments?post=459700"}],"version-history":[{"count":0,"href":"https:\/\/www.albinfo.at\/fr\/wp-json\/wp\/v2\/posts\/459700\/revisions"}],"wp:featuredmedia":[{"embeddable":true,"href":"https:\/\/www.albinfo.at\/fr\/wp-json\/wp\/v2\/media\/319445"}],"wp:attachment":[{"href":"https:\/\/www.albinfo.at\/fr\/wp-json\/wp\/v2\/media?parent=459700"}],"wp:term":[{"taxonomy":"category","embeddable":true,"href":"https:\/\/www.albinfo.at\/fr\/wp-json\/wp\/v2\/categories?post=459700"},{"taxonomy":"post_tag","embeddable":true,"href":"https:\/\/www.albinfo.at\/fr\/wp-json\/wp\/v2\/tags?post=459700"},{"taxonomy":"vendi","embeddable":true,"href":"https:\/\/www.albinfo.at\/fr\/wp-json\/wp\/v2\/vendi?post=459700"},{"taxonomy":"content_country","embeddable":true,"href":"https:\/\/www.albinfo.at\/fr\/wp-json\/wp\/v2\/content_country?post=459700"}],"curies":[{"name":"wp","href":"https:\/\/api.w.org\/{rel}","templated":true}]}}