{"id":457054,"date":"2021-03-31T13:03:22","date_gmt":"2021-03-31T11:03:22","guid":{"rendered":"https:\/\/www.albinfo.ch\/?p=457054"},"modified":"2021-03-31T13:03:22","modified_gmt":"2021-03-31T11:03:22","slug":"expo-universelle-de-dubai-le-pavillon-suisse-sous-toit","status":"publish","type":"post","link":"https:\/\/www.albinfo.at\/fr\/expo-universelle-de-dubai-le-pavillon-suisse-sous-toit\/","title":{"rendered":"Expo universelle de Dubai : le Pavillon Suisse sous toit"},"content":{"rendered":"<p><strong>La Suisse vient d\u2019achever la construction de son Pavillon \u00e0 l\u2019Expo universelle de Duba\u00ef. Il s\u2019agit de la derni\u00e8re ligne droite avant l\u2019ouverture de l\u2019un des \u00e9v\u00e8nements les plus attendus de l\u2019ann\u00e9e, le 1er octobre 2021, sous le th\u00e8me \u00ab Connecter les esprits, Construire le futur \u00bb. L&#8217;Expo offrira une plateforme d\u2019\u00e9change \u00e0 plus de 190 pays participants. Elle permettra de positionner la Suisse et de promouvoir son \u00e9conomie aux Emirats arabes unis, le premier partenaire commercial de la Suisse dans la r\u00e9gion MENA.<\/strong><\/p>\n<p>Apr\u00e8s la pose de la premi\u00e8re pierre fin 2019, la construction du Pavillon suisse est d\u00e9sormais termin\u00e9e. Cette structure cubique d\u2019environ 2000 m2 dans le d\u00e9sert \u00e9mirati a \u00e9t\u00e9 remise \u00e0 Pr\u00e9sence Suisse, en charge de l\u2019animer durant l\u2019Expo. \u00ab Notre petit bout de Suisse \u00e0 l\u2019Expo est pr\u00eate pour un grand spectacle \u00e0 Duba\u00ef. En ces temps difficiles pour notre \u00e9conomie d\u2019exportation, notre pavillon se veut un symbole et un moteur pour le red\u00e9marrage dont nous avons tous besoin \u00bb, a d\u00e9clar\u00e9 l\u2019Ambassadeur Nicolas Bideau, directeur de Pr\u00e9sence Suisse.<\/p>\n<p>L\u2019Expo de Duba\u00ef sera la premi\u00e8re exposition universelle \u00e0 avoir lieu dans la r\u00e9gion Moyen-Orient, Afrique et Asie du Sud (MEASA) et \u00e0 \u00eatre organis\u00e9e par un pays arabe. En coh\u00e9rence avec la nouvelle strat\u00e9gie MENA 2021-24 du Conseil f\u00e9d\u00e9ral, le Pavillon suisse sera un lieu de dialogue, o\u00f9 se rencontreront des repr\u00e9sentants de gouvernements, de l\u2019\u00e9conomie, de la science et de la soci\u00e9t\u00e9 civile. Cette plateforme permettra des \u00e9changes sur des th\u00e8mes comme la sant\u00e9, le changement climatique ou la num\u00e9risation.<br \/>\n<strong>Une exp\u00e9rience riche et vari\u00e9e<\/strong><br \/>\nLe Pavillon suisse racontera \u00e0 Duba\u00ef l\u2019histoire d\u2019une immersion en Suisse. Cette derni\u00e8re d\u00e9butera par une mer de brouillard inspir\u00e9e du nuage d\u2019Expo 02 \u00e0 Yverdon. Ce brouillard laissera place \u00e0 un spectacle de son et lumi\u00e8re reproduisant le passage du jour \u00e0 la nuit sur les Alpes suisses. Le visiteur entrera ensuite dans un mod\u00e8le de ville suisse hyperconnect\u00e9e, symbole de la num\u00e9risation de nos pays. La derni\u00e8re partie du parcours consistera en une s\u00e9rie d\u2019expositions sur l\u2019innovation suisse, produite en collaboration avec les milieux acad\u00e9miques et l\u2019\u00e9cosyst\u00e8me des start-ups suisses. Au terme de la visite, il sera possible de d\u00e9guster un caf\u00e9 suisse accompagn\u00e9 de son chocolat.<\/p>\n<p>La journ\u00e9e nationale suisse se tiendra le 29 octobre 2021 et accueillera une d\u00e9l\u00e9gation officielle, emmen\u00e9e par le pr\u00e9sident de la Conf\u00e9d\u00e9ration Guy Parmelin. Le conseiller f\u00e9d\u00e9ral Ignazio Cassis se rendra quant \u00e0 lui \u00e0 Duba\u00ef en f\u00e9vrier 2022 pour inaugurer une exposition consacr\u00e9e au th\u00e8me de la diplomatie de l&#8217;eau.<\/p>\n<p><strong>Mod\u00e8le de partenariat public-priv\u00e9<\/strong><br \/>\nLe Pavillon suisse a \u00e9t\u00e9 dessin\u00e9 par les agences zurichoises OOS (architecture) et Bellprat Partner (sc\u00e9nographie), Eugster Lorenz (paysagiste) et construit par l\u2019entreprise Expomobilia de B\u00e2le. Le b\u00e2timent int\u00e8gre des pratiques de construction durable, comme l&#8217;utilisation d&#8217;\u00e9l\u00e9ments d&#8217;\u00e9chafaudage et de textiles fabriqu\u00e9s avec des produits durables ou encore l\u2019utilisation de b\u00e9ton recycl\u00e9.<\/p>\n<p>Le Pavillon suisse s&#8217;appuie sur un mod\u00e8le de partenariat public-priv\u00e9 : Schindler, Rolex SA, Suisse Tourisme, Clariant, Novartis, Nestl\u00e9 Middle East and North Africa, Roche et KGS Diamond Group Ltd ainsi que d\u2019autres fournisseurs suisses font partie int\u00e9grante du projet. Son co\u00fbt s\u2019\u00e9l\u00e8ve \u00e0 16,5 millions de francs.<\/p>\n<p><a href=\"https:\/\/www.admin.ch\/gov\/fr\/accueil\/documentation\/communiques.msg-id-82875.html\">admin.ch<\/a><\/p>\n","protected":false},"excerpt":{"rendered":"<p>La Suisse vient d\u2019achever la construction de son Pavillon \u00e0 l\u2019Expo universelle de Duba\u00ef. Il s\u2019agit de la derni\u00e8re ligne droite avant l\u2019ouverture de l\u2019un des \u00e9v\u00e8nements les plus attendus de l\u2019ann\u00e9e, le 1er octobre 2021, sous le th\u00e8me \u00ab Connecter les esprits, Construire le futur \u00bb. L&#8217;Expo offrira une plateforme d\u2019\u00e9change \u00e0 plus de [&hellip;]<\/p>\n","protected":false},"author":6,"featured_media":457056,"comment_status":"open","ping_status":"open","sticky":false,"template":"","format":"standard","meta":{"footnotes":""},"categories":[1171,1170],"tags":[],"vendi":[],"content_country":[],"class_list":["post-457054","post","type-post","status-publish","format-standard","has-post-thumbnail","hentry","category-thematique","category-vivre-en-suisse"],"acf":[],"_links":{"self":[{"href":"https:\/\/www.albinfo.at\/fr\/wp-json\/wp\/v2\/posts\/457054","targetHints":{"allow":["GET"]}}],"collection":[{"href":"https:\/\/www.albinfo.at\/fr\/wp-json\/wp\/v2\/posts"}],"about":[{"href":"https:\/\/www.albinfo.at\/fr\/wp-json\/wp\/v2\/types\/post"}],"author":[{"embeddable":true,"href":"https:\/\/www.albinfo.at\/fr\/wp-json\/wp\/v2\/users\/6"}],"replies":[{"embeddable":true,"href":"https:\/\/www.albinfo.at\/fr\/wp-json\/wp\/v2\/comments?post=457054"}],"version-history":[{"count":0,"href":"https:\/\/www.albinfo.at\/fr\/wp-json\/wp\/v2\/posts\/457054\/revisions"}],"wp:featuredmedia":[{"embeddable":true,"href":"https:\/\/www.albinfo.at\/fr\/wp-json\/wp\/v2\/media\/457056"}],"wp:attachment":[{"href":"https:\/\/www.albinfo.at\/fr\/wp-json\/wp\/v2\/media?parent=457054"}],"wp:term":[{"taxonomy":"category","embeddable":true,"href":"https:\/\/www.albinfo.at\/fr\/wp-json\/wp\/v2\/categories?post=457054"},{"taxonomy":"post_tag","embeddable":true,"href":"https:\/\/www.albinfo.at\/fr\/wp-json\/wp\/v2\/tags?post=457054"},{"taxonomy":"vendi","embeddable":true,"href":"https:\/\/www.albinfo.at\/fr\/wp-json\/wp\/v2\/vendi?post=457054"},{"taxonomy":"content_country","embeddable":true,"href":"https:\/\/www.albinfo.at\/fr\/wp-json\/wp\/v2\/content_country?post=457054"}],"curies":[{"name":"wp","href":"https:\/\/api.w.org\/{rel}","templated":true}]}}