{"id":457051,"date":"2021-03-31T12:49:54","date_gmt":"2021-03-31T10:49:54","guid":{"rendered":"https:\/\/www.albinfo.ch\/?p=457051"},"modified":"2021-03-31T12:50:57","modified_gmt":"2021-03-31T10:50:57","slug":"laumonerie-de-larmee-etend-ses-partenariats","status":"publish","type":"post","link":"https:\/\/www.albinfo.at\/fr\/laumonerie-de-larmee-etend-ses-partenariats\/","title":{"rendered":"L&#8217;aum\u00f4nerie de l&#8217;arm\u00e9e \u00e9tend ses partenariats"},"content":{"rendered":"<p><strong>Au sein de l&#8217;arm\u00e9e de milice, l&#8217;aum\u00f4nerie militaire rencontre un reflet de la soci\u00e9t\u00e9 suisse. Afin de prendre en compte cette diversit\u00e9, elle poursuit sur la voie trac\u00e9e et conclut de nouveaux partenariats avec la F\u00e9d\u00e9ration suisse des communaut\u00e9s isra\u00e9lites (FSCI), ainsi qu&#8217;avec la F\u00e9d\u00e9ration des organisations islamiques de Suisse (FOIS).<\/strong><\/p>\n<p>L&#8217;aum\u00f4nerie de l&#8217;arm\u00e9e conclut des partenariats avec la F\u00e9d\u00e9ration suisse des communaut\u00e9s isra\u00e9lites (FSCI) et la F\u00e9d\u00e9ration des organisations islamiques de Suisse (FOIS). L&#8217;objectif de ces partenariats consiste \u00e0 g\u00e9n\u00e9rer ensemble une v\u00e9ritable plus-value au profit des militaires qui, dans leur diversit\u00e9, constituent un reflet de la soci\u00e9t\u00e9.<\/p>\n<p>Toutes les parties impliqu\u00e9es envoient ainsi un signal fort : sur la base des principes fondamentaux \u00e9dict\u00e9s par l&#8217;arm\u00e9e, les m\u00eames r\u00e8gles s&#8217;appliquent \u00e0 toutes les communaut\u00e9s religieuses en mati\u00e8re d&#8217;assistance spirituelle \u00e0 l&#8217;arm\u00e9e. Tant la FSCI que la FOIS ont examin\u00e9 en d\u00e9tail, dans leurs propres rangs, ces principes et les soutiennent d\u00e9sormais avec conviction.<\/p>\n<p>Avec ces nouveaux partenariats, l&#8217;arm\u00e9e manifeste que le principe de l&#8217;assistance spirituelle \u00e0 la troupe b\u00e9n\u00e9ficie d&#8217;une large assise et que, dans ce registre, l&#8217;aum\u00f4nerie de l&#8217;arm\u00e9e est \u00e0 m\u00eame d&#8217;accompagner chaque militaire de mani\u00e8re comp\u00e9tente et ad\u00e9quate. L&#8217;aum\u00f4nerie de l&#8217;arm\u00e9e vit ainsi la diversit\u00e9 et l&#8217;inclusion dans ses propres rangs, en regroupant des aum\u00f4niers de l&#8217;arm\u00e9e, femmes et hommes provenant certes d&#8217;horizons diff\u00e9rents, mais habit\u00e9s par les m\u00eames valeurs.<\/p>\n<p>En mars 2020, le chef de l&#8217;arm\u00e9e a publi\u00e9 les directives sur le conseil, l&#8217;accompagnement et le soutien, posant ainsi les bases permettant \u00e0 l&#8217;aum\u00f4nerie de l&#8217;arm\u00e9e d&#8217;\u00e9tablir des partenariats avec les Eglises et les communaut\u00e9s religieuses, pour autant qu&#8217;elles soient pr\u00eates \u00e0 partager pleinement les principes fondamentaux et les m\u00e9thodes de travail de l&#8217;aum\u00f4nerie de l&#8217;arm\u00e9e. Sur cette base, la collaboration a pu \u00eatre approfondie. L&#8217;exp\u00e9rience acquise depuis l&#8217;ann\u00e9e derni\u00e8re confirme que la voie trac\u00e9e est fructueuse et qu&#8217;elle doit \u00eatre poursuivie.<\/p>\n<p><a href=\"https:\/\/www.admin.ch\/gov\/fr\/accueil\/documentation\/communiques.msg-id-82863.html\">admin.ch<\/a><\/p>\n","protected":false},"excerpt":{"rendered":"<p>Au sein de l&#8217;arm\u00e9e de milice, l&#8217;aum\u00f4nerie militaire rencontre un reflet de la soci\u00e9t\u00e9 suisse. Afin de prendre en compte cette diversit\u00e9, elle poursuit sur la voie trac\u00e9e et conclut de nouveaux partenariats avec la F\u00e9d\u00e9ration suisse des communaut\u00e9s isra\u00e9lites (FSCI), ainsi qu&#8217;avec la F\u00e9d\u00e9ration des organisations islamiques de Suisse (FOIS). L&#8217;aum\u00f4nerie de l&#8217;arm\u00e9e conclut [&hellip;]<\/p>\n","protected":false},"author":6,"featured_media":420881,"comment_status":"open","ping_status":"open","sticky":false,"template":"","format":"standard","meta":{"footnotes":""},"categories":[1171,1170],"tags":[],"vendi":[],"content_country":[],"class_list":["post-457051","post","type-post","status-publish","format-standard","has-post-thumbnail","hentry","category-thematique","category-vivre-en-suisse"],"acf":[],"_links":{"self":[{"href":"https:\/\/www.albinfo.at\/fr\/wp-json\/wp\/v2\/posts\/457051","targetHints":{"allow":["GET"]}}],"collection":[{"href":"https:\/\/www.albinfo.at\/fr\/wp-json\/wp\/v2\/posts"}],"about":[{"href":"https:\/\/www.albinfo.at\/fr\/wp-json\/wp\/v2\/types\/post"}],"author":[{"embeddable":true,"href":"https:\/\/www.albinfo.at\/fr\/wp-json\/wp\/v2\/users\/6"}],"replies":[{"embeddable":true,"href":"https:\/\/www.albinfo.at\/fr\/wp-json\/wp\/v2\/comments?post=457051"}],"version-history":[{"count":0,"href":"https:\/\/www.albinfo.at\/fr\/wp-json\/wp\/v2\/posts\/457051\/revisions"}],"wp:featuredmedia":[{"embeddable":true,"href":"https:\/\/www.albinfo.at\/fr\/wp-json\/wp\/v2\/media\/420881"}],"wp:attachment":[{"href":"https:\/\/www.albinfo.at\/fr\/wp-json\/wp\/v2\/media?parent=457051"}],"wp:term":[{"taxonomy":"category","embeddable":true,"href":"https:\/\/www.albinfo.at\/fr\/wp-json\/wp\/v2\/categories?post=457051"},{"taxonomy":"post_tag","embeddable":true,"href":"https:\/\/www.albinfo.at\/fr\/wp-json\/wp\/v2\/tags?post=457051"},{"taxonomy":"vendi","embeddable":true,"href":"https:\/\/www.albinfo.at\/fr\/wp-json\/wp\/v2\/vendi?post=457051"},{"taxonomy":"content_country","embeddable":true,"href":"https:\/\/www.albinfo.at\/fr\/wp-json\/wp\/v2\/content_country?post=457051"}],"curies":[{"name":"wp","href":"https:\/\/api.w.org\/{rel}","templated":true}]}}