{"id":457002,"date":"2021-03-31T09:12:42","date_gmt":"2021-03-31T07:12:42","guid":{"rendered":"https:\/\/www.albinfo.ch\/?p=457002"},"modified":"2021-03-31T09:12:42","modified_gmt":"2021-03-31T07:12:42","slug":"le-conseil-federal-et-les-cantons-recommandent-de-voter-oui-a-la-loi-revisee-sur-le-co2","status":"publish","type":"post","link":"https:\/\/www.albinfo.at\/fr\/le-conseil-federal-et-les-cantons-recommandent-de-voter-oui-a-la-loi-revisee-sur-le-co2\/","title":{"rendered":"le Conseil f\u00e9d\u00e9ral et les cantons recommandent de voter OUI \u00e0 la loi r\u00e9vis\u00e9e sur le CO2"},"content":{"rendered":"<p><strong>La Suisse est particuli\u00e8rement affect\u00e9e par les changements climatiques. C\u2019est pourquoi le Conseil f\u00e9d\u00e9ral et le Parlement entendent r\u00e9duire les \u00e9missions de gaz \u00e0 effet de serre. Ils ont pour ce faire inclus diff\u00e9rentes mesures dans la loi r\u00e9vis\u00e9e sur le CO2, qui combine incitations financi\u00e8res, investissements et nouvelles technologies. \u00ab Cela profite \u00e0 la population et \u00e0 l\u2019\u00e9conomie \u00bb, a d\u00e9clar\u00e9 la cheffe du DETEC Simonetta Sommaruga alors qu\u2019elle exposait la position du Conseil f\u00e9d\u00e9ral et du Parlement \u00e0 ce sujet. \u00ab Avec les investissements, nous renfor\u00e7ons la protection du climat et nous g\u00e9n\u00e9rons des contrats et cr\u00e9ons des emplois dans notre pays. \u00bb La r\u00e9vision de la loi sur le CO2 sera soumise au vote le 13 juin 2021.<\/strong><\/p>\n<p>Les changements climatiques entra\u00eenent une hausse des temp\u00e9ratures partout dans le monde, avec pour corollaire une multiplication des vagues de chaleur et des p\u00e9riodes de s\u00e9cheresse. En outre, des hivers plus doux accroissent la fr\u00e9quence des pr\u00e9cipitations, des laves torrentielles et des glissements de terrains importants. Ainsi, le risque que des routes, des lignes ferroviaires ou des habitations soient ensevelies augmente. En tant que pays alpin, la Suisse est particuli\u00e8rement affect\u00e9e par les changements climatiques : la hausse des temp\u00e9ratures y est deux fois plus \u00e9lev\u00e9e que la moyenne mondiale. C\u2019est pourquoi le Conseil f\u00e9d\u00e9ral et le Parlement entendent continuer de r\u00e9duire les \u00e9missions de CO2. Pour ce faire, ils ont r\u00e9vis\u00e9 la loi sur le CO2. Un r\u00e9f\u00e9rendum a \u00e9t\u00e9 lanc\u00e9 contre cette r\u00e9vision.<\/p>\n<p>Avec cette r\u00e9vision de la loi, le Conseil f\u00e9d\u00e9ral et le Parlement veulent, d\u2019ici \u00e0 2030, r\u00e9duire de moiti\u00e9 les \u00e9missions de gaz \u00e0 effet de serre de la Suisse par rapport \u00e0 leur niveau de 1990. Cela correspond aux objectifs climatiques que les 189 \u00c9tats signataires de l\u2019Accord de Paris, dont la Suisse, se sont engag\u00e9s \u00e0 atteindre. De cette fa\u00e7on, la Suisse suit \u00e9galement les recommandations des milieux scientifiques.<\/p>\n<p><strong>\u00ab Emplois d\u2019avenir \u00bb<\/strong><\/p>\n<p>La loi r\u00e9vis\u00e9e sur le CO2 continue de combiner incitations financi\u00e8res, investissements et nouvelles technologies. En revanche, les mesures sont renforc\u00e9es. Avec les taxes d\u2019incitation pr\u00e9vues dans la loi r\u00e9vis\u00e9e, il devient rentable d\u2019agir dans le respect du climat. La loi soutient les investissements dans des b\u00e2timents et des infrastructures et renforce les entreprises innovantes. Cela permet par exemple d\u2019assainir des b\u00e2timents dans le respect du climat, de construire des bornes de recharge pour les voitures \u00e9lectriques, d\u2019acheter des bus \u00e9lectriques pour les transports publics et d\u2019encourager les r\u00e9seaux de chauffage \u00e0 distance. Par ailleurs, la loi aide les r\u00e9gions de montagne, les villes et les communes \u00e0 att\u00e9nuer les r\u00e9percussions des changements climatiques. En ce qui concerne les transports, elle garantit la commercialisation de v\u00e9hicules consommant moins d\u2019essence et de diesel, ce qui r\u00e9duit les d\u00e9penses en carburant. La loi est con\u00e7ue dans une optique sociale. Les taxes sont en grande partie redistribu\u00e9es \u00e0 la population. Chacun, y compris les enfants, b\u00e9n\u00e9ficie du m\u00eame montant. Cette redistribution est particuli\u00e8rement avantageuse pour les familles.<\/p>\n<p>\u00ab Nous devons aller de l\u2019avant en mati\u00e8re de protection du climat et poser les bons jalons d\u00e8s maintenant \u00bb, a d\u00e9clar\u00e9 aujourd\u2019hui la conseill\u00e8re f\u00e9d\u00e9rale Simonetta Sommaruga \u00e0 Berne. \u00ab Si nous n\u2019agissons pas, les changements climatiques auront des cons\u00e9quences encore plus importantes pour nos petits-enfants. \u00bb<\/p>\n<p>Au cours de la derni\u00e8re d\u00e9cennie, la Suisse a d\u00e9pens\u00e9 environ 80 milliards de francs pour importer du p\u00e9trole et du gaz naturel. Cet argent part \u00e0 l\u2019\u00e9tranger. \u00ab La loi r\u00e9vis\u00e9e sur le CO2 nous permet de gagner en ind\u00e9pendance vis-\u00e0-vis des compagnies p\u00e9troli\u00e8res \u00e9trang\u00e8res et d\u2019investir plus d\u2019argent en Suisse \u00bb, a soulign\u00e9 Simonetta Sommaruga. \u00ab Cela profite \u00e0 la population et \u00e0 l\u2019\u00e9conomie. Gr\u00e2ce aux investissements, nous renfor\u00e7ons la protection du climat et cr\u00e9ons des emplois d\u2019avenir, ce qui est extr\u00eamement important dans une p\u00e9riode comme celle que nous vivons en ce moment. \u00bb<\/p>\n<p><strong>Les cantons soutiennent la loi sur le CO2<\/strong><\/p>\n<p>\u00ab La loi sur le CO2 donne un nouvel \u00e9lan aux cantons dans leurs efforts pour r\u00e9duire les \u00e9missions de CO2 des b\u00e2timents \u00bb, a soulign\u00e9 devant les m\u00e9dias le pr\u00e9sident du gouvernement des Grisons Mario Cavigelli, pr\u00e9sident de la Conf\u00e9rence des directeurs cantonaux de l\u2019\u00e9nergie (EnDK) et chef du D\u00e9partement de l\u2019infrastructure, de l\u2019\u00e9nergie et de la mobilit\u00e9 des Grisons. Selon lui, les cantons ont d\u00e9j\u00e0 pris beaucoup de mesures \u00e0 cet \u00e9gard au cours des derni\u00e8res ann\u00e9es, mais la loi sur le CO2 apporte une plus grande s\u00e9curit\u00e9 en mati\u00e8re de planification et davantage d\u2019incitations \u00e0 investir. \u00ab La Conf\u00e9d\u00e9ration et les cantons ont comme objectifs communs d\u2019accro\u00eetre l\u2019efficacit\u00e9 \u00e9nerg\u00e9tique et d\u2019assurer l\u2019approvisionnement en chaleur gr\u00e2ce aux \u00e9nergies renouvelables. \u00bb<\/p>\n<p>Mario Cavigelli a relev\u00e9 que la loi sur le CO2 repr\u00e9sente une opportunit\u00e9 pour les entreprises innovantes et les instituts de recherche. Des mesures appropri\u00e9es leur donneraient des impulsions importantes et renforceraient leur comp\u00e9titivit\u00e9. De plus, en tant que repr\u00e9sentant d\u2019un canton alpin, M. Cavigelli tient particuli\u00e8rement \u00e0 ce que les r\u00e9gions de montagne soient prot\u00e9g\u00e9es des cons\u00e9quences des changements climatiques.<\/p>\n<p><strong>Un large soutien<\/strong><\/p>\n<p>Le Conseil f\u00e9d\u00e9ral et le Parlement recommandent \u00e0 la population d\u2019accepter la loi r\u00e9vis\u00e9e sur le CO2 le 13 juin 2021. Les cantons, l\u2019Union des villes suisses, l\u2019Association des Communes Suisses ainsi que le Groupement suisse pour les r\u00e9gions de montagne (SAB) soutiennent \u00e9galement cette r\u00e9vision. C\u2019est aussi le cas de la plupart des partis, des organisations environnementales, du Touring Club Suisse (TCS) et de l\u2019Association transports et environnement (ATE) dans le secteur de la mobilit\u00e9, ainsi que de nombreuses associations \u00e9conomiques (p. ex. economiesuisse, Association suisse des banquiers, Swissmem, Constructionsuisse et Soci\u00e9t\u00e9 Suisse des Entrepreneurs).<\/p>\n<p><a href=\"https:\/\/www.uvek.admin.ch\/uvek\/fr\/home\/detec\/medias\/communiques-de-presse.msg-id-82855.html\">uvek.admin.ch<\/a><\/p>\n","protected":false},"excerpt":{"rendered":"<p>La Suisse est particuli\u00e8rement affect\u00e9e par les changements climatiques. C\u2019est pourquoi le Conseil f\u00e9d\u00e9ral et le Parlement entendent r\u00e9duire les \u00e9missions de gaz \u00e0 effet de serre. Ils ont pour ce faire inclus diff\u00e9rentes mesures dans la loi r\u00e9vis\u00e9e sur le CO2, qui combine incitations financi\u00e8res, investissements et nouvelles technologies. \u00ab Cela profite \u00e0 la [&hellip;]<\/p>\n","protected":false},"author":6,"featured_media":456999,"comment_status":"open","ping_status":"open","sticky":false,"template":"","format":"standard","meta":{"footnotes":""},"categories":[1171,1170],"tags":[],"vendi":[],"content_country":[],"class_list":["post-457002","post","type-post","status-publish","format-standard","has-post-thumbnail","hentry","category-thematique","category-vivre-en-suisse"],"acf":[],"_links":{"self":[{"href":"https:\/\/www.albinfo.at\/fr\/wp-json\/wp\/v2\/posts\/457002","targetHints":{"allow":["GET"]}}],"collection":[{"href":"https:\/\/www.albinfo.at\/fr\/wp-json\/wp\/v2\/posts"}],"about":[{"href":"https:\/\/www.albinfo.at\/fr\/wp-json\/wp\/v2\/types\/post"}],"author":[{"embeddable":true,"href":"https:\/\/www.albinfo.at\/fr\/wp-json\/wp\/v2\/users\/6"}],"replies":[{"embeddable":true,"href":"https:\/\/www.albinfo.at\/fr\/wp-json\/wp\/v2\/comments?post=457002"}],"version-history":[{"count":0,"href":"https:\/\/www.albinfo.at\/fr\/wp-json\/wp\/v2\/posts\/457002\/revisions"}],"wp:featuredmedia":[{"embeddable":true,"href":"https:\/\/www.albinfo.at\/fr\/wp-json\/wp\/v2\/media\/456999"}],"wp:attachment":[{"href":"https:\/\/www.albinfo.at\/fr\/wp-json\/wp\/v2\/media?parent=457002"}],"wp:term":[{"taxonomy":"category","embeddable":true,"href":"https:\/\/www.albinfo.at\/fr\/wp-json\/wp\/v2\/categories?post=457002"},{"taxonomy":"post_tag","embeddable":true,"href":"https:\/\/www.albinfo.at\/fr\/wp-json\/wp\/v2\/tags?post=457002"},{"taxonomy":"vendi","embeddable":true,"href":"https:\/\/www.albinfo.at\/fr\/wp-json\/wp\/v2\/vendi?post=457002"},{"taxonomy":"content_country","embeddable":true,"href":"https:\/\/www.albinfo.at\/fr\/wp-json\/wp\/v2\/content_country?post=457002"}],"curies":[{"name":"wp","href":"https:\/\/api.w.org\/{rel}","templated":true}]}}