{"id":456557,"date":"2021-03-29T12:05:01","date_gmt":"2021-03-29T10:05:01","guid":{"rendered":"https:\/\/www.albinfo.ch\/?p=456557"},"modified":"2021-03-29T12:05:01","modified_gmt":"2021-03-29T10:05:01","slug":"le-conseil-des-droits-de-lhomme-adopte-deux-initiatives-de-la-suisse","status":"publish","type":"post","link":"https:\/\/www.albinfo.at\/fr\/le-conseil-des-droits-de-lhomme-adopte-deux-initiatives-de-la-suisse\/","title":{"rendered":"Le Conseil des droits de l\u2019homme adopte deux initiatives de la Suisse"},"content":{"rendered":"<div class=\"contentHead\"><\/div>\n<div class=\"mod mod-nsbnewsdetails\">\n<p><strong>Le Conseil des droits de l\u2019homme (CDH) \u00e0 Gen\u00e8ve termine aujourd\u2019hui sa 46\u00e8me session apr\u00e8s plus de quatre semaines de travaux, tenus en virtuel. Ensemble avec 120 haut-dignitaires, le conseiller f\u00e9d\u00e9ral Ignazio Cassis, a particip\u00e9 au segment d\u2019ouverture. Dans le cadre de sa session, le CDH a adopt\u00e9 deux initiatives pr\u00e9sent\u00e9es par la Suisse et ses Etats partenaires. La premi\u00e8re r\u00e9solution a prolong\u00e9 le mandat du Rapporteur sp\u00e9cial sur les droits de l\u2019homme et l\u2019environnement. La seconde initiative souligne l\u2019importance d\u2019une participation universelle de tous les Etats membres de l\u2019ONU aux travaux du CDH.<\/strong><\/p>\n<p>La 46\u00e8me session du CDH a d\u00e9but\u00e9 le 22 f\u00e9vrier avec le segment de haut-niveau, auquel a particip\u00e9 le conseiller f\u00e9d\u00e9ral Ignazio Cassis. Un nombre record de plus de 120 hauts-dignitaires se sont exprim\u00e9s lors de ce segment, qui s\u2019est tenu pour la premi\u00e8re fois de mani\u00e8re virtuelle. Dans son discours en tant que repr\u00e9sentant de l\u2019Etat h\u00f4te,\u00a0le conseiller f\u00e9d\u00e9ral Cassis a mis en avant la mani\u00e8re dont la pand\u00e9mie avait d\u00e9montr\u00e9 l\u2019importance cruciale du respect des droits de l\u2019homme et des libert\u00e9s fondamentales, que ce soit du droit \u00e0 la vie, \u00e0 la sant\u00e9 et \u00e0 la formation ou de la libert\u00e9 d\u2019acc\u00e8s \u00e0 des informations fiables. A l\u2019instar d\u2019autres ministres, le chef du d\u00e9partement f\u00e9d\u00e9ral des affaires \u00e9trang\u00e8res (DFAE) a \u00e9galement particip\u00e9 \u00e0 un panel de haut-niveau sur la question de la peine de mort, au cours duquel il a rappel\u00e9 l\u2019engagement de la Suisse en faveur de l\u2019abolition universelle de la peine capitale.<\/p>\n<p>Les deux initiatives port\u00e9es par la Suisse ont \u00e9t\u00e9 couronn\u00e9es de succ\u00e8s. Une premi\u00e8re r\u00e9solution sur l\u2019environnement pr\u00e9sent\u00e9e en coop\u00e9ration avec le Costa Rica, les Maldives, le Maroc et la Slov\u00e9nie a permis de renouveler le mandat du Rapporteur sp\u00e9cial sur les droits de l\u2019homme et l\u2019environnement pour une p\u00e9riode de trois ans. La seconde initiative suisse, pr\u00e9sent\u00e9e avec un groupe interr\u00e9gional compos\u00e9 de 24 d\u2019Etats, pr\u00e9voit la participation de tous les Etats membres de l\u2019ONU, y compris des Etats ne disposant pas d\u2019une Mission permanente \u00e0 Gen\u00e8ve, en mars 2022.<\/p>\n<p>Durant la session, la Suisse s\u2019est \u00e9galement exprim\u00e9e sur la situation des droits de l\u2019homme dans divers pays en insistant sur les droits \u00e0 la libert\u00e9 d\u2019expression, d\u2019association et de r\u00e9union pacifique. A cet \u00e9gard, elle a relev\u00e9 l\u2019augmentation inqui\u00e9tante des attaques contre les d\u00e9fenseuses et d\u00e9fenseurs des droits de l\u2019homme, les manifestantes et manifestants et les journalistes dans le monde. La Suisse a \u00e9galement poursuivi son engagement dans la lutte contre l\u2019impunit\u00e9 en soutenant les efforts pour documenter toutes les violations pr\u00e9sum\u00e9es du droit international afin que les coupables puissent \u00eatre tenus responsables. A ce titre, elle a apport\u00e9 son soutien \u00e0 la r\u00e9solution sur le Belarus appelant le Haut-Commissariat aux droits de l\u2019homme \u00e0 examiner les violations pr\u00e9sum\u00e9es des droits de l\u2019homme commises depuis mai 2020. De plus, la Suisse a soutenu le renouvellement des mandats de la Commission d\u2019enqu\u00eate sur la Syrie et de la Commission des droits de l\u2019homme au Soudan du Sud.<\/p>\n<p>La Suisse a aussi saisi l\u2019opportunit\u00e9 des dialogues avec la Haute-Commissaire aux droits de l\u2019homme, Michelle Bachelet, et avec les experts de l\u2019ONU pour s\u2019exprimer sur la situation des droits de l\u2019homme, notamment au Burundi, en Cor\u00e9e du Nord, en Erythr\u00e9e, en Iran, au Nicaragua, au Sri Lanka, dans le Territoire palestinien occup\u00e9, au Venezuela ou encore au Y\u00e9men. Suite \u00e0 la prise de pouvoir par les autorit\u00e9s militaires au Myanmar et la tenue d\u2019une session extraordinaire du CDH le 12 f\u00e9vrier, la Suisse a aussi r\u00e9it\u00e9r\u00e9 sa pr\u00e9occupation durant cette session. Elle s\u2019est par ailleurs associ\u00e9e \u00e0 plusieurs d\u00e9clarations communes initi\u00e9es par d\u2019autres Etats sur la situation des droits de l\u2019homme au Belarus, en Egypte, dans la r\u00e9gion du Tigr\u00e9 en Ethiopie, en Russie ainsi qu\u2019au Venezuela.<\/p>\n<p>Gr\u00e2ce aux travaux tenus en virtuel, le CDH a pu maintenir sa capacit\u00e9 d\u2019action pour att\u00e9nuer les cons\u00e9quences de la pand\u00e9mie de la COVID-19 sur les droits de l\u2019homme et r\u00e9agir aux situations actuelles des droits de l\u2019homme \u00e0 travers le monde. Alors qu\u2019un tiers des membres du CDH sont renouvel\u00e9s chaque ann\u00e9e, cette 46\u00e8me session a aussi marqu\u00e9 le retour d\u2019Etats en tant que membres du CDH, comme la Chine, la France, le Royaume-Uni et la Russie, ainsi que le r\u00e9engagement des Etats-Unis comme Etat observateur.<\/p>\n<\/div>\n","protected":false},"excerpt":{"rendered":"<p>Dans le cadre de sa session, le CDH a adopt\u00e9 deux initiatives pr\u00e9sent\u00e9es par la Suisse et ses Etats partenaires<\/p>\n","protected":false},"author":4,"featured_media":448039,"comment_status":"open","ping_status":"open","sticky":false,"template":"","format":"standard","meta":{"footnotes":""},"categories":[1171,1170],"tags":[],"vendi":[],"content_country":[],"class_list":["post-456557","post","type-post","status-publish","format-standard","has-post-thumbnail","hentry","category-thematique","category-vivre-en-suisse"],"acf":[],"_links":{"self":[{"href":"https:\/\/www.albinfo.at\/fr\/wp-json\/wp\/v2\/posts\/456557","targetHints":{"allow":["GET"]}}],"collection":[{"href":"https:\/\/www.albinfo.at\/fr\/wp-json\/wp\/v2\/posts"}],"about":[{"href":"https:\/\/www.albinfo.at\/fr\/wp-json\/wp\/v2\/types\/post"}],"author":[{"embeddable":true,"href":"https:\/\/www.albinfo.at\/fr\/wp-json\/wp\/v2\/users\/4"}],"replies":[{"embeddable":true,"href":"https:\/\/www.albinfo.at\/fr\/wp-json\/wp\/v2\/comments?post=456557"}],"version-history":[{"count":0,"href":"https:\/\/www.albinfo.at\/fr\/wp-json\/wp\/v2\/posts\/456557\/revisions"}],"wp:featuredmedia":[{"embeddable":true,"href":"https:\/\/www.albinfo.at\/fr\/wp-json\/wp\/v2\/media\/448039"}],"wp:attachment":[{"href":"https:\/\/www.albinfo.at\/fr\/wp-json\/wp\/v2\/media?parent=456557"}],"wp:term":[{"taxonomy":"category","embeddable":true,"href":"https:\/\/www.albinfo.at\/fr\/wp-json\/wp\/v2\/categories?post=456557"},{"taxonomy":"post_tag","embeddable":true,"href":"https:\/\/www.albinfo.at\/fr\/wp-json\/wp\/v2\/tags?post=456557"},{"taxonomy":"vendi","embeddable":true,"href":"https:\/\/www.albinfo.at\/fr\/wp-json\/wp\/v2\/vendi?post=456557"},{"taxonomy":"content_country","embeddable":true,"href":"https:\/\/www.albinfo.at\/fr\/wp-json\/wp\/v2\/content_country?post=456557"}],"curies":[{"name":"wp","href":"https:\/\/api.w.org\/{rel}","templated":true}]}}