{"id":455394,"date":"2021-03-24T14:34:49","date_gmt":"2021-03-24T13:34:49","guid":{"rendered":"https:\/\/www.albinfo.ch\/?p=455394"},"modified":"2021-03-24T14:34:49","modified_gmt":"2021-03-24T13:34:49","slug":"violence-domestique-en-temps-de-pandemie-la-vigilance-reste-de-mise","status":"publish","type":"post","link":"https:\/\/www.albinfo.at\/fr\/violence-domestique-en-temps-de-pandemie-la-vigilance-reste-de-mise\/","title":{"rendered":"Violence domestique en temps de pand\u00e9mie : la vigilance reste de mise"},"content":{"rendered":"<div class=\"contentHead\">\n<p><span style=\"font-size: 16px;\">La <\/span><i style=\"font-size: 16px;\">task force<\/i><span style=\"font-size: 16px;\">\u00a0Violence domestique et COVID-19, qui r\u00e9unit Conf\u00e9d\u00e9ration et cantons, \u00e9value r\u00e9guli\u00e8rement la situation depuis le printemps\u00a02020, sur la base des informations fournies par les autorit\u00e9s de police, les centres cantonaux d&#8217;aide aux victimes et les foyers d&#8217;accueil. L&#8217;\u00e9valuation actuelle fait appara\u00eetre un nombre accru de conflits familiaux et de formes relativement l\u00e9g\u00e8res de violence domestique qui ne m\u00e8nent pas \u00e0 une d\u00e9nonciation. Ainsi, les centres d&#8217;aide aux victimes de certains cantons constatent une tendance \u00e0 la hausse du nombre de nouveaux signalements\u00a0; les foyers pour femmes sont largement occup\u00e9s et doivent parfois orienter les personnes cherchant de l&#8217;aide vers les \u00e9tablissements d&#8217;autres cantons. Enfin plusieurs cantons qui comptabilisent les interventions polici\u00e8res (m\u00eame hors proc\u00e9dure p\u00e9nale) constatent une augmentation depuis un certain temps.<\/span><\/p>\n<\/div>\n<div class=\"mod mod-nsbnewsdetails\">\n<p>La pand\u00e9mie de coronavirus aggrave les facteurs de risque qui favorisent la violence domestique, \u00e0 commencer par les difficult\u00e9s \u00e9conomiques et les probl\u00e8mes de d\u00e9pendance. Il peut en r\u00e9sulter des situations stressantes au sein du m\u00e9nage, lesquelles sont parfois exacerb\u00e9es par les restrictions \u00e0 la mobilit\u00e9 et des mesures telles que le travail \u00e0 domicile. Cette situation n\u00e9cessitera encore ces prochains mois un suivi intensif de la part des autorit\u00e9s. Les victimes de violence elles-m\u00eames, leurs proches ou leur voisinage doivent savoir qu&#8217;ils peuvent obtenir de l&#8217;aide, soit en demandant conseil aux services d&#8217;aide aux victimes, soit en appelant le 117, num\u00e9ro d&#8217;urgence\u00a0de la police.<\/p>\n<p>Pour faire conna\u00eetre ces services d&#8217;aide, diverses campagnes ont \u00e9t\u00e9 men\u00e9es l&#8217;ann\u00e9e derni\u00e8re dans les cantons. De plus, au niveau national, la\u00a0<i>task force<\/i>\u00a0a r\u00e9alis\u00e9 une campagne d&#8217;affichage en treize langues ainsi qu&#8217;une campagne sur les r\u00e9seaux sociaux, \u00e0 deux reprises, pour faire conna\u00eetre le site web national\u00a0<u>www.aide-aux-victimes.ch<\/u>. Cette campagne a atteint 2,3\u00a0millions de personnes, dont 600\u00a0000\u00a0jeunes. Une relance est \u00e0 l&#8217;\u00e9tude.<\/p>\n<p>La\u00a0<i>task force<\/i>\u00a0continue de suivre de pr\u00e8s la situation en mati\u00e8re de violence domestique. Elle salue les r\u00e9flexions de la Conf\u00e9rence des directrices et directeurs cantonaux des affaires sociales (CDAS), qui envisage d&#8217;introduire un num\u00e9ro de t\u00e9l\u00e9phone central pour les victimes de violence, ainsi que les initiatives de certains cantons (comme Gen\u00e8ve, Saint-Gall, Vaud, Valais ou Zurich) visant \u00e0 mettre en place un groupe de travail cantonal similaire \u00e0 la\u00a0<i>task force<\/i>\u00a0Violence domestique et COVID-19.<\/p>\n<\/div>\n","protected":false},"excerpt":{"rendered":"<p>La statistique polici\u00e8re de la criminalit\u00e9 ne constate pas d\u2019augmentation significative des infractions p\u00e9nales li\u00e9es \u00e0 la violence dans la sph\u00e8re domestique en 2020. Des \u00e9l\u00e9ments indiquent toutefois qu\u2019un nombre accru de conflits familiaux est survenu dans plusieurs r\u00e9gions du pays. Pour la task force Violence domestique et COVID-19, une vigilance \u00e9lev\u00e9e reste de mise. Les personnes touch\u00e9es continueront d&#8217;avoir besoin d&#8217;aide dans les mois \u00e0 venir, et la sensibilisation du public \u00e0 cette question doit \u00eatre maintenue<\/p>\n","protected":false},"author":4,"featured_media":387238,"comment_status":"open","ping_status":"open","sticky":false,"template":"","format":"standard","meta":{"footnotes":""},"categories":[1171,1170],"tags":[],"vendi":[],"content_country":[],"class_list":["post-455394","post","type-post","status-publish","format-standard","has-post-thumbnail","hentry","category-thematique","category-vivre-en-suisse"],"acf":[],"_links":{"self":[{"href":"https:\/\/www.albinfo.at\/fr\/wp-json\/wp\/v2\/posts\/455394","targetHints":{"allow":["GET"]}}],"collection":[{"href":"https:\/\/www.albinfo.at\/fr\/wp-json\/wp\/v2\/posts"}],"about":[{"href":"https:\/\/www.albinfo.at\/fr\/wp-json\/wp\/v2\/types\/post"}],"author":[{"embeddable":true,"href":"https:\/\/www.albinfo.at\/fr\/wp-json\/wp\/v2\/users\/4"}],"replies":[{"embeddable":true,"href":"https:\/\/www.albinfo.at\/fr\/wp-json\/wp\/v2\/comments?post=455394"}],"version-history":[{"count":0,"href":"https:\/\/www.albinfo.at\/fr\/wp-json\/wp\/v2\/posts\/455394\/revisions"}],"wp:featuredmedia":[{"embeddable":true,"href":"https:\/\/www.albinfo.at\/fr\/wp-json\/wp\/v2\/media\/387238"}],"wp:attachment":[{"href":"https:\/\/www.albinfo.at\/fr\/wp-json\/wp\/v2\/media?parent=455394"}],"wp:term":[{"taxonomy":"category","embeddable":true,"href":"https:\/\/www.albinfo.at\/fr\/wp-json\/wp\/v2\/categories?post=455394"},{"taxonomy":"post_tag","embeddable":true,"href":"https:\/\/www.albinfo.at\/fr\/wp-json\/wp\/v2\/tags?post=455394"},{"taxonomy":"vendi","embeddable":true,"href":"https:\/\/www.albinfo.at\/fr\/wp-json\/wp\/v2\/vendi?post=455394"},{"taxonomy":"content_country","embeddable":true,"href":"https:\/\/www.albinfo.at\/fr\/wp-json\/wp\/v2\/content_country?post=455394"}],"curies":[{"name":"wp","href":"https:\/\/api.w.org\/{rel}","templated":true}]}}