{"id":454704,"date":"2021-03-21T20:09:34","date_gmt":"2021-03-21T19:09:34","guid":{"rendered":"https:\/\/www.albinfo.ch\/?p=454704"},"modified":"2021-03-21T20:09:34","modified_gmt":"2021-03-21T19:09:34","slug":"coronavirus-prolongation-des-mesures-dans-le-domaine-de-la-reduction-de-lhoraire-de-travail","status":"publish","type":"post","link":"https:\/\/www.albinfo.at\/fr\/coronavirus-prolongation-des-mesures-dans-le-domaine-de-la-reduction-de-lhoraire-de-travail\/","title":{"rendered":"Coronavirus : prolongation des mesures dans le domaine de la r\u00e9duction de l\u2019horaire de travail"},"content":{"rendered":"<div class=\"contentHead\"><\/div>\n<div class=\"mod mod-nsbnewsdetails\">\n<p>La r\u00e9duction de l\u2019horaire de travail (RHT) sert \u00e0 maintenir les places de travail temporairement menac\u00e9es. Depuis le printemps\u00a02020, le recours \u00e0 l\u2019indemnit\u00e9 en cas de RHT \u00e9volue au gr\u00e9 de la situation \u00e9pid\u00e9miologique et des mesures prises par les autorit\u00e9s pour endiguer la pand\u00e9mie. Compte tenu des mesures en vigueur au niveau national, les demandes d\u2019indemnit\u00e9 en cas de RHT restent nombreuses et il faut s\u2019attendre \u00e0 ce que bon nombre d\u2019entreprises recourent \u00e0 la RHT apr\u00e8s le 31\u00a0mars\u00a02021.<\/p>\n<p>C\u2019est pourquoi le Conseil f\u00e9d\u00e9ral prolonge de trois mois la proc\u00e9dure simplifi\u00e9e appliqu\u00e9e \u00e0 la RHT. Cette d\u00e9cision permet d\u2019all\u00e9ger le travail administratif des entreprises et des organes d\u2019ex\u00e9cution. La prolongation de cette proc\u00e9dure simplifi\u00e9e signifie que les heures effectu\u00e9es en plus en dehors de la p\u00e9riode de RHT ne sont pas d\u00e9duites et que le revenu tir\u00e9 d\u2019occupations provisoires n\u2019est pas soustrait de l\u2019indemnit\u00e9 en cas de RHT.<\/p>\n<p>Par ailleurs, le d\u00e9lai d\u2019attente est \u00e9galement supprim\u00e9 jusqu\u2019au 30\u00a0juin\u00a02021. Initialement, le Conseil f\u00e9d\u00e9ral avait pris cette mesure en janvier\u00a02021 (sur la base de l\u2019art. 17 de la loi\u00a0COVID-19). La suppression du d\u00e9lai d\u2019attente, lequel \u00e9quivaut \u00e0 une franchise que l\u2019employeur doit assumer, permet d\u2019\u00e9liminer un frein au versement de l\u2019indemnit\u00e9 en cas de RHT, d\u2019am\u00e9liorer les liquidit\u00e9s des entreprises en RHT et de r\u00e9duire davantage le risque de licenciements. Compte tenu des limitations de l\u2019activit\u00e9 \u00e9conomique en vigueur actuellement, il s\u2019av\u00e8re donc justifi\u00e9 de prolonger cette mesure.<\/p>\n<p>La prolongation de ces deux mesures pendant trois mois entre en vigueur le 1er\u00a0avril\u00a02021. Le Conseil f\u00e9d\u00e9ral a d\u00e9cid\u00e9 des modifications correspondantes de l\u2019ordonnance\u00a0COVID-19 assurance-ch\u00f4mage apr\u00e8s consultation du Parlement, des partenaires sociaux et des cantons.<\/p>\n<\/div>\n","protected":false},"excerpt":{"rendered":"<p>Le 19 mars 2021, le Conseil f\u00e9d\u00e9ral a d\u00e9cid\u00e9 de prolonger jusqu\u2019au 30 juin 2021 la proc\u00e9dure simplifi\u00e9e pour l\u2019indemnit\u00e9 en cas de r\u00e9duction de l\u2019horaire de travail et la suppression du d\u00e9lai d\u2019attente. Les modifications correspondantes de l\u2019ordonnance COVID-19 assurance-ch\u00f4mage entrent en vigueur le 1er avril 2021<\/p>\n","protected":false},"author":4,"featured_media":378352,"comment_status":"open","ping_status":"open","sticky":false,"template":"","format":"standard","meta":{"footnotes":""},"categories":[1171,1170],"tags":[],"vendi":[],"content_country":[],"class_list":["post-454704","post","type-post","status-publish","format-standard","has-post-thumbnail","hentry","category-thematique","category-vivre-en-suisse"],"acf":[],"_links":{"self":[{"href":"https:\/\/www.albinfo.at\/fr\/wp-json\/wp\/v2\/posts\/454704","targetHints":{"allow":["GET"]}}],"collection":[{"href":"https:\/\/www.albinfo.at\/fr\/wp-json\/wp\/v2\/posts"}],"about":[{"href":"https:\/\/www.albinfo.at\/fr\/wp-json\/wp\/v2\/types\/post"}],"author":[{"embeddable":true,"href":"https:\/\/www.albinfo.at\/fr\/wp-json\/wp\/v2\/users\/4"}],"replies":[{"embeddable":true,"href":"https:\/\/www.albinfo.at\/fr\/wp-json\/wp\/v2\/comments?post=454704"}],"version-history":[{"count":0,"href":"https:\/\/www.albinfo.at\/fr\/wp-json\/wp\/v2\/posts\/454704\/revisions"}],"wp:featuredmedia":[{"embeddable":true,"href":"https:\/\/www.albinfo.at\/fr\/wp-json\/wp\/v2\/media\/378352"}],"wp:attachment":[{"href":"https:\/\/www.albinfo.at\/fr\/wp-json\/wp\/v2\/media?parent=454704"}],"wp:term":[{"taxonomy":"category","embeddable":true,"href":"https:\/\/www.albinfo.at\/fr\/wp-json\/wp\/v2\/categories?post=454704"},{"taxonomy":"post_tag","embeddable":true,"href":"https:\/\/www.albinfo.at\/fr\/wp-json\/wp\/v2\/tags?post=454704"},{"taxonomy":"vendi","embeddable":true,"href":"https:\/\/www.albinfo.at\/fr\/wp-json\/wp\/v2\/vendi?post=454704"},{"taxonomy":"content_country","embeddable":true,"href":"https:\/\/www.albinfo.at\/fr\/wp-json\/wp\/v2\/content_country?post=454704"}],"curies":[{"name":"wp","href":"https:\/\/api.w.org\/{rel}","templated":true}]}}