{"id":451787,"date":"2021-03-10T21:01:57","date_gmt":"2021-03-10T20:01:57","guid":{"rendered":"https:\/\/www.albinfo.ch\/?p=451787"},"modified":"2021-03-10T21:01:57","modified_gmt":"2021-03-10T20:01:57","slug":"50-ans-de-democratie-la-cfqf-publie-un-poster-retracant-lhistoire-de-legalite","status":"publish","type":"post","link":"https:\/\/www.albinfo.at\/fr\/50-ans-de-democratie-la-cfqf-publie-un-poster-retracant-lhistoire-de-legalite\/","title":{"rendered":"50 ans de d\u00e9mocratie : La CFQF publie un poster retra\u00e7ant l\u2019histoire de l\u2019\u00e9galit\u00e9"},"content":{"rendered":"<div class=\"contentHead\"><\/div>\n<div class=\"mod mod-nsbnewsdetails\">\n<p>\u00ab\u00a0Tant que les femmes n&#8217;auront pas le droit de vote, la Suisse ne sera pas une d\u00e9mocratie\u00a0\u00bb, pouvait-on lire sur une banderole d\u00e9ploy\u00e9e en 1969 dans le Palais f\u00e9d\u00e9ral par des femmes venues protester. Mais l&#8217;acceptation du suffrage universel en 1971 n&#8217;\u00e9tait qu&#8217;un d\u00e9but. Pour obtenir l&#8217;\u00e9galit\u00e9 des droits dans la politique, l&#8217;\u00e9conomie et la soci\u00e9t\u00e9, les femmes ont d\u00fb parcourir un long chemin et faire preuve de beaucoup de combativit\u00e9 et de patience. Apr\u00e8s 1971, il aura fallu encore 10 ans avant que l&#8217;\u00e9galit\u00e9 soit\u00a0ancr\u00e9e dans la Constitution en 1981, puis \u00e0 nouveau 15 ans avant que l&#8217;\u00e9galit\u00e9 dans la vie professionnelle soit inscrite dans la loi en 1996. Ce n&#8217;est qu&#8217;en 1988 que la femme et l&#8217;homme sont devenus \u00e9gaux en droit dans le mariage, en 2004 que la Suisse a adopt\u00e9 une assurance-maternit\u00e9 et en 2020 qu&#8217;un cong\u00e9 de paternit\u00e9 de deux semaines a \u00e9t\u00e9 instaur\u00e9.<\/p>\n<p>Aujourd&#8217;hui, l&#8217;\u00e9galit\u00e9 en droit est largement atteinte. Mais pour ce qui est de l&#8217;\u00e9galit\u00e9 dans les faits, beaucoup reste \u00e0 faire\u00a0: le partage \u00e9quitable des positions \u00e0 responsabilit\u00e9s, l&#8217;\u00e9galit\u00e9 salariale, le cong\u00e9 parental pour que tous les sexes puissent concilier m\u00e9tier et famille, une vie sans sexisme, violence ni st\u00e9r\u00e9otypes sur les r\u00f4les des genres. Pour progresser sur tous ces fronts, il faut que des femmes et des hommes continuent de s&#8217;engager en politique et dans la soci\u00e9t\u00e9. Le poster de la CFQF documente le processus historique depuis 1971 et esquisse des objectifs importants pour l&#8217;avenir.<\/p>\n<p><b>Autres ressources de la CFQF sur le sujet<\/b><br \/>\nCe poster fait partie d&#8217;un ensemble de ressources documentaires que la CFQF a publi\u00e9 en vue du cinquantenaire du suffrage f\u00e9minin. Il y a \u00e9galement des\u00a0<b>cartes postales<\/b>, des\u00a0<b>diaporamas<\/b>, un\u00a0<b>script<\/b>\u00a0et un\u00a0<b>module d&#8217;apprentissage en ligne<\/b>. Gratuit, tout ce mat\u00e9riel est destin\u00e9 \u00e0 un large public, et particuli\u00e8rement aux \u00e9tablissements scolaires du secondaire II, aux organisations f\u00e9minines ainsi qu&#8217;aux politiciennes et politiciens.<\/p>\n<p>Le poster et les autres ressources documentaires sont accessibles en ligne \u00e0 l&#8217;adresse\u00a0: www.comfem.ch.<\/p>\n<\/div>\n","protected":false},"excerpt":{"rendered":"<p>L\u2019instauration du droit de vote et d\u2019\u00e9ligibilit\u00e9 des femmes en 1971 a ouvert la voie \u00e0 l\u2019\u00e9galit\u00e9 des droits entre les sexes. Mais qu\u2019est-il advenu ensuite ? \u00c0 l\u2019occasion de la journ\u00e9e internationale des femmes, la Commission f\u00e9d\u00e9rale pour les questions f\u00e9minines CFQF a r\u00e9alis\u00e9 un poster color\u00e9 qui retrace les dates et \u00e9v\u00e9nements cl\u00e9s dans le domaine de l\u2019\u00e9galit\u00e9 tout en ouvrant des fen\u00eatres sur l\u2019avenir<\/p>\n","protected":false},"author":4,"featured_media":451788,"comment_status":"open","ping_status":"open","sticky":false,"template":"","format":"standard","meta":{"footnotes":""},"categories":[1171,1170],"tags":[],"vendi":[],"content_country":[],"class_list":["post-451787","post","type-post","status-publish","format-standard","has-post-thumbnail","hentry","category-thematique","category-vivre-en-suisse"],"acf":[],"_links":{"self":[{"href":"https:\/\/www.albinfo.at\/fr\/wp-json\/wp\/v2\/posts\/451787","targetHints":{"allow":["GET"]}}],"collection":[{"href":"https:\/\/www.albinfo.at\/fr\/wp-json\/wp\/v2\/posts"}],"about":[{"href":"https:\/\/www.albinfo.at\/fr\/wp-json\/wp\/v2\/types\/post"}],"author":[{"embeddable":true,"href":"https:\/\/www.albinfo.at\/fr\/wp-json\/wp\/v2\/users\/4"}],"replies":[{"embeddable":true,"href":"https:\/\/www.albinfo.at\/fr\/wp-json\/wp\/v2\/comments?post=451787"}],"version-history":[{"count":0,"href":"https:\/\/www.albinfo.at\/fr\/wp-json\/wp\/v2\/posts\/451787\/revisions"}],"wp:featuredmedia":[{"embeddable":true,"href":"https:\/\/www.albinfo.at\/fr\/wp-json\/wp\/v2\/media\/451788"}],"wp:attachment":[{"href":"https:\/\/www.albinfo.at\/fr\/wp-json\/wp\/v2\/media?parent=451787"}],"wp:term":[{"taxonomy":"category","embeddable":true,"href":"https:\/\/www.albinfo.at\/fr\/wp-json\/wp\/v2\/categories?post=451787"},{"taxonomy":"post_tag","embeddable":true,"href":"https:\/\/www.albinfo.at\/fr\/wp-json\/wp\/v2\/tags?post=451787"},{"taxonomy":"vendi","embeddable":true,"href":"https:\/\/www.albinfo.at\/fr\/wp-json\/wp\/v2\/vendi?post=451787"},{"taxonomy":"content_country","embeddable":true,"href":"https:\/\/www.albinfo.at\/fr\/wp-json\/wp\/v2\/content_country?post=451787"}],"curies":[{"name":"wp","href":"https:\/\/api.w.org\/{rel}","templated":true}]}}