{"id":451081,"date":"2021-03-07T23:32:21","date_gmt":"2021-03-07T22:32:21","guid":{"rendered":"https:\/\/www.albinfo.ch\/?p=451081"},"modified":"2021-03-07T23:32:21","modified_gmt":"2021-03-07T22:32:21","slug":"la-police-suisse-obtiendra-plus-vite-les-informations-importantes","status":"publish","type":"post","link":"https:\/\/www.albinfo.at\/fr\/la-police-suisse-obtiendra-plus-vite-les-informations-importantes\/","title":{"rendered":"La police suisse obtiendra plus vite les informations importantes"},"content":{"rendered":"<div class=\"contentHead\"><\/div>\n<div class=\"mod mod-nsbnewsdetails\">\n<p><strong>La criminalit\u00e9 se joue souvent des fronti\u00e8res. Pour la combattre, la coop\u00e9ration internationale n&#8217;en est que plus importante. Le trait\u00e9 de Pr\u00fcm et le protocole Eurodac visent \u00e0 renforcer cette coop\u00e9ration et \u00e0 am\u00e9liorer ainsi la rapidit\u00e9 et l&#8217;efficacit\u00e9 de l&#8217;\u00e9change d&#8217;informations entre les autorit\u00e9s de poursuite p\u00e9nale de la Suisse et des \u00c9tats membres de l&#8217;UE. Lors de sa s\u00e9ance du 5 mars 2021, le Conseil f\u00e9d\u00e9ral a approuv\u00e9 le message \u00e0 ce sujet.<\/strong><\/p>\n<p>Qu&#8217;il s&#8217;agisse de terroristes, d&#8217;organisations criminelles ou de bandes criminelles transnationales, les malfaiteurs d&#8217;aujourd&#8217;hui ont une chose en commun\u00a0: ils sont tous mobiles et interconnect\u00e9s. Ainsi, dans le cadre des investigations coordonn\u00e9es au niveau suisse concernant des attaques \u00e0 l&#8217;explosif contre des distributeurs automatiques de billets commises dans plusieurs cantons, des traces d&#8217;ADN ont conduit \u00e0 plusieurs arrestations en Autriche et au Danemark. Une lutte plus efficace contre cette criminalit\u00e9 transfrontali\u00e8re passe par une coop\u00e9ration internationale plus \u00e9troite. C&#8217;est dans ce contexte que s&#8217;inscrit le trait\u00e9 de Pr\u00fcm, pour lequel le Conseil f\u00e9d\u00e9ral a approuv\u00e9 le message \u00e0 l&#8217;intention du Parlement.<\/p>\n<h3>La police obtiendra plus vite les informations essentielles<\/h3>\n<p>Les syst\u00e8mes d&#8217;information nationaux contiennent des informations utiles \u00e0 la police comme des profils d&#8217;ADN, des empreintes digitales et des donn\u00e9es relatives aux v\u00e9hicules et \u00e0 leurs d\u00e9tenteurs. \u00c0 l&#8217;heure actuelle, si des autorit\u00e9s d&#8217;enqu\u00eate suisses trouvent des traces d&#8217;ADN sur les lieux d&#8217;une infraction, elles comparent d&#8217;abord les donn\u00e9es en question avec celles enregistr\u00e9es dans la banque de donn\u00e9es nationale sur les profils d&#8217;ADN. Si cette recherche n&#8217;aboutit pas, elles peuvent alors les comparer avec celles des banques de donn\u00e9es d&#8217;autres pays. La comparaison est actuellement longue et laborieuse\u00a0: une requ\u00eate doit \u00eatre envoy\u00e9e individuellement \u00e0 chaque pays via Interpol. Gr\u00e2ce au trait\u00e9 de Pr\u00fcm, une seule recherche suffira \u00e0 lancer simultan\u00e9ment une comparaison automatique dans les banques de donn\u00e9es de tous les pays concern\u00e9s de l&#8217;UE. Si la comparaison d&#8217;une trace d&#8217;ADN ou d&#8217;une empreinte digitale aboutit \u00e0 une concordance dans la banque de donn\u00e9es d&#8217;un autre pays, les autorit\u00e9s suisses de poursuite p\u00e9nale en seront directement inform\u00e9es et pourront s&#8217;adresser \u00e0 lui pour obtenir davantage d&#8217;informations.<\/p>\n<p>Le trait\u00e9 de Pr\u00fcm rendra ainsi les recherches au niveau international plus faciles, plus efficaces et plus rapides pour les autorit\u00e9s suisses de poursuite p\u00e9nale. Les enqu\u00eates en seront acc\u00e9l\u00e9r\u00e9es et les liens entre des infractions commises en Suisse et \u00e0 l&#8217;\u00e9tranger seront d\u00e9cel\u00e9s plus vite. Les infractions en s\u00e9rie et les modes op\u00e9ratoires des organisations criminelles seront plus faciles \u00e0 rep\u00e9rer et \u00e0 \u00e9lucider. Ce trait\u00e9, qui est un instrument essentiel dans la lutte contre la criminalit\u00e9 organis\u00e9e transnationale et le terrorisme, am\u00e9liore la s\u00e9curit\u00e9 de la population suisse.<\/p>\n<p>Le trait\u00e9 de Pr\u00fcm ne constitue pas un d\u00e9veloppement de l&#8217;acquis de Schengen et n&#8217;est donc pas obligatoire pour la Suisse. C&#8217;est n\u00e9anmoins sur cette base que presque tous les \u00c9tats europ\u00e9ens \u00e9changent aujourd&#8217;hui entre eux des profils d&#8217;ADN, des empreintes digitales et des donn\u00e9es relatives aux v\u00e9hicules et \u00e0 leurs d\u00e9tenteurs. Si la Suisse devait rester sur la touche, l&#8217;\u00e9change d&#8217;informations polici\u00e8res avec les \u00c9tats membres de l&#8217;UE risquerait d&#8217;en p\u00e2tir \u00e0 l&#8217;avenir.<\/p>\n<h3>Entr\u00e9e en vigueur du protocole Eurodac et de l&#8217;accord PCSC<\/h3>\n<p>La mise en \u0153uvre du trait\u00e9 de Pr\u00fcm est une condition pour l&#8217;entr\u00e9e en vigueur du protocole Eurodac. Ce dernier pr\u00e9voit que les autorit\u00e9s de poursuite p\u00e9nale puissent acc\u00e9der \u00e0 la banque de donn\u00e9es contenant les empreintes digitales de personnes qui ont d\u00e9pos\u00e9 une demande d&#8217;asile dans un \u00c9tat Dublin ou ont \u00e9t\u00e9 appr\u00e9hend\u00e9es lors de leur entr\u00e9e ill\u00e9gale dans l&#8217;espace Dublin. L&#8217;acc\u00e8s \u00e0 cette banque de donn\u00e9es est autoris\u00e9 uniquement \u00e0 des fins de pr\u00e9vention et d&#8217;\u00e9lucidation d&#8217;infractions graves, ainsi qu&#8217;en pr\u00e9sence d&#8217;\u00e9l\u00e9ments indiquant un contexte terroriste.<\/p>\n<p>Parall\u00e8lement \u00e0 la mise en \u0153uvre technique de la collaboration Pr\u00fcm entrera en vigueur l&#8217;accord PCSC (<i>Cooperation in Preventing and Combating Serious Crime<\/i>), conclu avec les \u00c9tats-Unis. Cet accord, approuv\u00e9 par le Conseil f\u00e9d\u00e9ral en 2012, poursuit les m\u00eames objectifs que le trait\u00e9 de Pr\u00fcm, mais se limite \u00e0 l&#8217;\u00e9change de profils d&#8217;ADN et d&#8217;empreintes digitales.<\/p>\n<\/div>\n","protected":false},"excerpt":{"rendered":"<p>Gr\u00e2ce au trait\u00e9 de Pr\u00fcm, une seule recherche suffira \u00e0 lancer simultan\u00e9ment une comparaison automatique dans les banques de donn\u00e9es de tous les pays concern\u00e9s de l&#8217;UE<\/p>\n","protected":false},"author":4,"featured_media":447696,"comment_status":"open","ping_status":"open","sticky":false,"template":"","format":"standard","meta":{"footnotes":""},"categories":[1171,1170],"tags":[],"vendi":[],"content_country":[],"class_list":["post-451081","post","type-post","status-publish","format-standard","has-post-thumbnail","hentry","category-thematique","category-vivre-en-suisse"],"acf":[],"_links":{"self":[{"href":"https:\/\/www.albinfo.at\/fr\/wp-json\/wp\/v2\/posts\/451081","targetHints":{"allow":["GET"]}}],"collection":[{"href":"https:\/\/www.albinfo.at\/fr\/wp-json\/wp\/v2\/posts"}],"about":[{"href":"https:\/\/www.albinfo.at\/fr\/wp-json\/wp\/v2\/types\/post"}],"author":[{"embeddable":true,"href":"https:\/\/www.albinfo.at\/fr\/wp-json\/wp\/v2\/users\/4"}],"replies":[{"embeddable":true,"href":"https:\/\/www.albinfo.at\/fr\/wp-json\/wp\/v2\/comments?post=451081"}],"version-history":[{"count":0,"href":"https:\/\/www.albinfo.at\/fr\/wp-json\/wp\/v2\/posts\/451081\/revisions"}],"wp:featuredmedia":[{"embeddable":true,"href":"https:\/\/www.albinfo.at\/fr\/wp-json\/wp\/v2\/media\/447696"}],"wp:attachment":[{"href":"https:\/\/www.albinfo.at\/fr\/wp-json\/wp\/v2\/media?parent=451081"}],"wp:term":[{"taxonomy":"category","embeddable":true,"href":"https:\/\/www.albinfo.at\/fr\/wp-json\/wp\/v2\/categories?post=451081"},{"taxonomy":"post_tag","embeddable":true,"href":"https:\/\/www.albinfo.at\/fr\/wp-json\/wp\/v2\/tags?post=451081"},{"taxonomy":"vendi","embeddable":true,"href":"https:\/\/www.albinfo.at\/fr\/wp-json\/wp\/v2\/vendi?post=451081"},{"taxonomy":"content_country","embeddable":true,"href":"https:\/\/www.albinfo.at\/fr\/wp-json\/wp\/v2\/content_country?post=451081"}],"curies":[{"name":"wp","href":"https:\/\/api.w.org\/{rel}","templated":true}]}}