{"id":450909,"date":"2021-03-07T12:22:43","date_gmt":"2021-03-07T11:22:43","guid":{"rendered":"https:\/\/www.albinfo.ch\/?p=450909"},"modified":"2021-03-07T12:22:43","modified_gmt":"2021-03-07T11:22:43","slug":"travailler-pour-et-avec-des-enfants-connaitre-et-appliquer-leurs-droits","status":"publish","type":"post","link":"https:\/\/www.albinfo.at\/fr\/travailler-pour-et-avec-des-enfants-connaitre-et-appliquer-leurs-droits\/","title":{"rendered":"Travailler pour et avec des enfants : conna\u00eetre et appliquer leurs droits"},"content":{"rendered":"<div class=\"contentHead\"><\/div>\n<div class=\"mod mod-nsbnewsdetails\">\n<p><strong>Toute personne qui travaille pour et avec des enfants doit \u00eatre mieux inform\u00e9e de leurs droits et les prendre en compte dans ses activit\u00e9s. Le Conseil f\u00e9d\u00e9ral consid\u00e8re que le droit des enfants et des adolescents \u00e0 \u00eatre entendu et \u00e0 participer est particuli\u00e8rement important, notamment en cas de divorce des parents ou de placement extrafamilial. Lors de sa s\u00e9ance du 5 mars 2021, il a d\u00e9cid\u00e9 de soutenir les organisations qui sensibilisent les acteurs de la formation initiale et continue aux droits de l\u2019enfant, et ce au moyen d\u2019aides financi\u00e8res octroy\u00e9es pendant cinq ans. Le Conseil f\u00e9d\u00e9ral suit ainsi les recommandations du Comit\u00e9 des droits de l\u2019enfant de l\u2019ONU visant \u00e0 am\u00e9liorer la mise en \u0153uvre de la Convention relative aux droits de l\u2019enfant.<\/strong><\/p>\n<p>Les juges, les avocats, les travailleurs sociaux, les p\u00e9dagogues sociaux, les policiers, les enseignants, les sp\u00e9cialistes de la migration ainsi que d\u2019autres sp\u00e9cialistes doivent tenir compte des droits de l\u2019enfant dans leur quotidien professionnel. Raison pour laquelle il est important d\u2019inciter ces diff\u00e9rents groupes \u00e0 int\u00e9grer le th\u00e8me des droits de l\u2019enfant dans leur formation initiale et continue. Ces groupes professionnels doivent \u00e9galement pouvoir disposer d\u2019aides pratiques telles que des m\u00e9mentos et des listes de contr\u00f4le. Le Conseil f\u00e9d\u00e9ral pr\u00e9voit, \u00e0 cette fin, l\u2019octroi annuel d\u2019aides financi\u00e8res \u00e0 hauteur de 200\u00a0000\u00a0francs durant cinq ans. Cette somme sera destin\u00e9e aux organisations qui mettent en \u0153uvre des mesures visant \u00e0 atteindre les objectifs susmentionn\u00e9s. Les ressources n\u00e9cessaires proviennent du cr\u00e9dit \u00ab\u00a0Protection de l\u2019enfant \/ Droits de l\u2019enfant\u00a0\u00bb, qui a \u00e9t\u00e9 dot\u00e9 de deux\u00a0millions de francs par le Parlement lors de la derni\u00e8re session d\u2019hiver.<\/p>\n<p>Une importance particuli\u00e8re doit \u00eatre accord\u00e9e au droit d\u2019\u00eatre entendu et de participer des enfants et des adolescents en fonction de leur \u00e2ge. En effet, dans le cadre de d\u00e9cisions de tribunaux ou d\u2019autorit\u00e9s de protection de l\u2019enfant, il s\u2019agit l\u00e0 d\u2019une contribution essentielle pour trouver des solutions adapt\u00e9es au bien de l\u2019enfant, ce qui n\u2019est pas toujours le cas lorsque les d\u00e9cisions sont prises en tenant compte du seul point de vue des adultes. Lorsque les parents divorcent, que le bien de l\u2019enfant est menac\u00e9 ou qu\u2019il fait l\u2019objet d\u2019un placement extrafamilial, l\u2019audition et la participation des enfants concern\u00e9s leur permettent en outre de mieux g\u00e9rer la situation.<\/p>\n<p>En prenant ces mesures, le Conseil f\u00e9d\u00e9ral applique aussi certaines recommandations du Comit\u00e9 des droits de l\u2019enfant de l\u2019ONU. La Suisse a ratifi\u00e9 la Convention relative aux droits de l\u2019enfant en 1997, s\u2019engageant ainsi \u00e0 respecter les standards internationaux et \u00e0 soumettre r\u00e9guli\u00e8rement (environ tous les cinq ans) un rapport au comit\u00e9 en question.<\/p>\n<\/div>\n","protected":false},"excerpt":{"rendered":"<p>Les juges, les avocats, les travailleurs sociaux, les p\u00e9dagogues sociaux, les policiers, les enseignants, les sp\u00e9cialistes de la migration ainsi que d\u2019autres sp\u00e9cialistes doivent tenir compte des droits de l\u2019enfant dans leur quotidien professionnel<\/p>\n","protected":false},"author":4,"featured_media":450244,"comment_status":"open","ping_status":"open","sticky":false,"template":"","format":"standard","meta":{"footnotes":""},"categories":[1171,1170],"tags":[],"vendi":[],"content_country":[],"class_list":["post-450909","post","type-post","status-publish","format-standard","has-post-thumbnail","hentry","category-thematique","category-vivre-en-suisse"],"acf":[],"_links":{"self":[{"href":"https:\/\/www.albinfo.at\/fr\/wp-json\/wp\/v2\/posts\/450909","targetHints":{"allow":["GET"]}}],"collection":[{"href":"https:\/\/www.albinfo.at\/fr\/wp-json\/wp\/v2\/posts"}],"about":[{"href":"https:\/\/www.albinfo.at\/fr\/wp-json\/wp\/v2\/types\/post"}],"author":[{"embeddable":true,"href":"https:\/\/www.albinfo.at\/fr\/wp-json\/wp\/v2\/users\/4"}],"replies":[{"embeddable":true,"href":"https:\/\/www.albinfo.at\/fr\/wp-json\/wp\/v2\/comments?post=450909"}],"version-history":[{"count":0,"href":"https:\/\/www.albinfo.at\/fr\/wp-json\/wp\/v2\/posts\/450909\/revisions"}],"wp:featuredmedia":[{"embeddable":true,"href":"https:\/\/www.albinfo.at\/fr\/wp-json\/wp\/v2\/media\/450244"}],"wp:attachment":[{"href":"https:\/\/www.albinfo.at\/fr\/wp-json\/wp\/v2\/media?parent=450909"}],"wp:term":[{"taxonomy":"category","embeddable":true,"href":"https:\/\/www.albinfo.at\/fr\/wp-json\/wp\/v2\/categories?post=450909"},{"taxonomy":"post_tag","embeddable":true,"href":"https:\/\/www.albinfo.at\/fr\/wp-json\/wp\/v2\/tags?post=450909"},{"taxonomy":"vendi","embeddable":true,"href":"https:\/\/www.albinfo.at\/fr\/wp-json\/wp\/v2\/vendi?post=450909"},{"taxonomy":"content_country","embeddable":true,"href":"https:\/\/www.albinfo.at\/fr\/wp-json\/wp\/v2\/content_country?post=450909"}],"curies":[{"name":"wp","href":"https:\/\/api.w.org\/{rel}","templated":true}]}}