{"id":450305,"date":"2021-03-05T09:00:59","date_gmt":"2021-03-05T08:00:59","guid":{"rendered":"https:\/\/www.albinfo.ch\/?p=450305"},"modified":"2021-03-06T21:29:09","modified_gmt":"2021-03-06T20:29:09","slug":"les-referendums-contre-la-loi-covid-19-la-loi-sur-le-co2-et-la-loi-federale-sur-les-mesures-policieres-de-lutte-contre-le-terrorisme-ont-abouti","status":"publish","type":"post","link":"https:\/\/www.albinfo.at\/fr\/les-referendums-contre-la-loi-covid-19-la-loi-sur-le-co2-et-la-loi-federale-sur-les-mesures-policieres-de-lutte-contre-le-terrorisme-ont-abouti\/","title":{"rendered":"Le r\u00e9f\u00e9rendum contre la loi Covid-19 a abouti"},"content":{"rendered":"<div class=\"mod mod-nsbnewsdetails\">\n<p>Le d\u00e9lai r\u00e9f\u00e9rendaire courait jusqu\u2019au 14 janvier 2021 pour les trois objets. En vertu de l\u2019art. 2\u00a0de la loi COVID-19 (RS 818.102), les comit\u00e9s avaient, pour la premi\u00e8re fois, la possibilit\u00e9 de\u00a0d\u00e9poser leur demande de r\u00e9f\u00e9rendum aupr\u00e8s de la Chancellerie f\u00e9d\u00e9rale sans les\u00a0attestations de la qualit\u00e9 d\u2019\u00e9lecteur. La Chancellerie f\u00e9d\u00e9rale s\u2019est procur\u00e9 les attestations\u00a0manquantes aupr\u00e8s des services comp\u00e9tents (en r\u00e8gle g\u00e9n\u00e9rale les communes) lorsque\u00a0cela a \u00e9t\u00e9 n\u00e9cessaire. Cet all\u00e8gement pour les comit\u00e9s concernant les attestations de la\u00a0qualit\u00e9 d&#8217;\u00e9lecteur a un caract\u00e8re temporaire et ne s\u2019applique qu\u2019aux demandes de\u00a0r\u00e9f\u00e9rendum contre des actes du Parlement publi\u00e9s dans la Feuille f\u00e9d\u00e9rale jusqu\u2019au 31 juillet\u00a02021 (ordonnance COVID-19 attestation de la qualit\u00e9 d\u2019\u00e9lecteur ; RS 161.17).<\/p>\n<p>Les 11 et 12 janvier 2021, les deux comit\u00e9s r\u00e9f\u00e9rendaires ont d\u00e9pos\u00e9 un total de\u00a0123 879 signatures contre la loi du 25 septembre 2020 sur le CO2. La Chancellerie f\u00e9d\u00e9rale\u00a0a constat\u00e9, apr\u00e8s v\u00e9rification, que 72 622 des 73 185 signatures munies d\u2019une attestation de\u00a0la qualit\u00e9 d\u2019\u00e9lecteur \u00e9taient valables. Elle a renonc\u00e9 \u00e0 demander des attestations pour les\u00a0signatures restantes, comme le lui permet l\u2019ordonnance pr\u00e9cit\u00e9e.<\/p>\n<p>Le 12 janvier 2021, le comit\u00e9 r\u00e9f\u00e9rendaire a d\u00e9pos\u00e9 97 878 signatures contre la loi COVID19 du 25 septembre 2020, dont 30 166 \u00e9taient munies d\u2019une attestation de la qualit\u00e9\u00a0d\u2019\u00e9lecteur. La Chancellerie f\u00e9d\u00e9rale a constat\u00e9, apr\u00e8s avoir demand\u00e9 aux services\u00a0comp\u00e9tents des attestations de la qualit\u00e9 d\u2019\u00e9lecteur pour les signatures restantes, que le\u00a0r\u00e9f\u00e9rendum avait abouti avec 90 789 signatures valables.<\/p>\n<p>Le 14 janvier 2021, les deux comit\u00e9s r\u00e9f\u00e9rendaires ont d\u00e9pos\u00e9 ensemble 141 264 signatures\u00a0contre la MPT du 25 septembre 2020, dont 3033 \u00e9taient munies d\u2019une attestation de la\u00a0qualit\u00e9 d\u2019\u00e9lecteur. La Chancellerie f\u00e9d\u00e9rale a constat\u00e9, apr\u00e8s avoir demand\u00e9 aux services<br \/>\ncomp\u00e9tents des attestations de la qualit\u00e9 d\u2019\u00e9lecteur pour une partie des signatures restantes,\u00a0que le r\u00e9f\u00e9rendum avait abouti avec 76 926 signatures valables.<\/p>\n<p>Les trois r\u00e9f\u00e9rendums ont donc formellement abouti. Conform\u00e9ment \u00e0 la d\u00e9cision du Conseil\u00a0f\u00e9d\u00e9ral du 3 f\u00e9vrier 2021, ces trois objets feront l\u2019objet d\u2019une votation populaire le 13 juin\u00a02021.<\/p>\n<\/div>\n","protected":false},"excerpt":{"rendered":"<p>Les r\u00e9f\u00e9rendums contre la loi f\u00e9d\u00e9rale sur les bases l\u00e9gales des ordonnances du Conseil f\u00e9d\u00e9ral visant \u00e0 surmonter l\u2019\u00e9pid\u00e9mie de COVID-19 (loi COVID-19), la loi f\u00e9d\u00e9rale sur la r\u00e9duction des \u00e9missions de gaz \u00e0 effet de serre (loi sur le CO2) et la loi f\u00e9d\u00e9rale sur les mesures polici\u00e8res de lutte contre le terrorisme (MPT) ont formellement abouti. Ces trois objets feront l\u2019objet d\u2019une votation populaire le 13 juin 2021<\/p>\n","protected":false},"author":4,"featured_media":410609,"comment_status":"open","ping_status":"open","sticky":false,"template":"","format":"standard","meta":{"footnotes":""},"categories":[1171,1170],"tags":[],"vendi":[],"content_country":[],"class_list":["post-450305","post","type-post","status-publish","format-standard","has-post-thumbnail","hentry","category-thematique","category-vivre-en-suisse"],"acf":[],"_links":{"self":[{"href":"https:\/\/www.albinfo.at\/fr\/wp-json\/wp\/v2\/posts\/450305","targetHints":{"allow":["GET"]}}],"collection":[{"href":"https:\/\/www.albinfo.at\/fr\/wp-json\/wp\/v2\/posts"}],"about":[{"href":"https:\/\/www.albinfo.at\/fr\/wp-json\/wp\/v2\/types\/post"}],"author":[{"embeddable":true,"href":"https:\/\/www.albinfo.at\/fr\/wp-json\/wp\/v2\/users\/4"}],"replies":[{"embeddable":true,"href":"https:\/\/www.albinfo.at\/fr\/wp-json\/wp\/v2\/comments?post=450305"}],"version-history":[{"count":0,"href":"https:\/\/www.albinfo.at\/fr\/wp-json\/wp\/v2\/posts\/450305\/revisions"}],"wp:featuredmedia":[{"embeddable":true,"href":"https:\/\/www.albinfo.at\/fr\/wp-json\/wp\/v2\/media\/410609"}],"wp:attachment":[{"href":"https:\/\/www.albinfo.at\/fr\/wp-json\/wp\/v2\/media?parent=450305"}],"wp:term":[{"taxonomy":"category","embeddable":true,"href":"https:\/\/www.albinfo.at\/fr\/wp-json\/wp\/v2\/categories?post=450305"},{"taxonomy":"post_tag","embeddable":true,"href":"https:\/\/www.albinfo.at\/fr\/wp-json\/wp\/v2\/tags?post=450305"},{"taxonomy":"vendi","embeddable":true,"href":"https:\/\/www.albinfo.at\/fr\/wp-json\/wp\/v2\/vendi?post=450305"},{"taxonomy":"content_country","embeddable":true,"href":"https:\/\/www.albinfo.at\/fr\/wp-json\/wp\/v2\/content_country?post=450305"}],"curies":[{"name":"wp","href":"https:\/\/api.w.org\/{rel}","templated":true}]}}