{"id":450300,"date":"2021-03-04T23:09:28","date_gmt":"2021-03-04T22:09:28","guid":{"rendered":"https:\/\/www.albinfo.ch\/?p=450300"},"modified":"2021-03-06T21:31:15","modified_gmt":"2021-03-06T20:31:15","slug":"une-annee-2020-exceptionnelle-passages-frontieres-fermes-et-commerce-en-ligne-en-plein-essor","status":"publish","type":"post","link":"https:\/\/www.albinfo.at\/fr\/une-annee-2020-exceptionnelle-passages-frontieres-fermes-et-commerce-en-ligne-en-plein-essor\/","title":{"rendered":"2020 : Passages fronti\u00e8res ferm\u00e9s et commerce en ligne en plein essor"},"content":{"rendered":"<div class=\"mod mod-nsbnewsdetails\">\n<p><strong>Les statistiques 2020 de l&#8217;Administration f\u00e9d\u00e9rale des douanes (AFD) sont fortement influenc\u00e9es par la pand\u00e9mie de COVID-19. Afin de r\u00e9duire le risque de transmission du coronavirus, la Suisse a r\u00e9introduit des contr\u00f4les syst\u00e9matiques aux fronti\u00e8res nationales pour la premi\u00e8re fois depuis son adh\u00e9sion \u00e0 Schengen, a impos\u00e9 des restrictions \u00e0 l&#8217;entr\u00e9e et a ferm\u00e9 temporairement des petits postes fronti\u00e8res. L&#8217;essor du commerce en ligne a entra\u00een\u00e9 une augmentation significative du nombre de contrefa\u00e7ons d&#8217;articles de marque mises en s\u00fbret\u00e9. En revanche, les documents falsifi\u00e9s d\u00e9couverts ont \u00e9t\u00e9 moins nombreux et les recettes ont l\u00e9g\u00e8rement fl\u00e9chi.<\/strong><\/p>\n<p>Le nombre de contrefa\u00e7ons d&#8217;articles de marque mises en s\u00fbret\u00e9 dans le trafic des marchandises de commerce a nettement augment\u00e9: avec 4433\u00a0cas, cela repr\u00e9sente une hausse de plus de 50\u00a0% par rapport \u00e0 l&#8217;ann\u00e9e pr\u00e9c\u00e9dente (2019: 2906). Les marchandises d\u00e9couvertes sont principalement des montres, des bijoux, des lunettes, des sacs et des porte-monnaie. Les raisons de cette augmentation sont non seulement l&#8217;attrait accru du commerce en ligne li\u00e9 au COVID-19 \u2013 magasins ferm\u00e9s et tourisme d&#8217;achat interdit \u2013, mais aussi l&#8217;augmentation de l&#8217;activit\u00e9 de contr\u00f4le de l&#8217;AFD dans le trafic postal.<\/p>\n<p>En raison de l&#8217;augmentation du commerce en ligne ainsi que des commandes plus petites et par cons\u00e9quent plus fr\u00e9quentes des entreprises, les d\u00e9clarations en douane ont augment\u00e9 significativement pour atteindre les 50\u00a0millions (2019: 40\u00a0millions).<\/p>\n<p>Dans le domaine des stup\u00e9fiants, les quantit\u00e9s d&#8217;h\u00e9ro\u00efne (2020: 55\u00a0kg \/ 2019:\u00a020\u00a0kg) et de coca\u00efne saisies (2020: 162\u00a0kg \/ 2019: 124\u00a0kg) ont \u00e9galement augment\u00e9. Rien qu&#8217;au cours d&#8217;un contr\u00f4le au poste fronti\u00e8re de Thayngen (SH) en avril, des collaborateurs de l&#8217;AFD ont trouv\u00e9 30\u00a0kilos de coca\u00efne. Les stup\u00e9fiants avaient \u00e9t\u00e9 import\u00e9s en Suisse dans le compartiment de chargement d&#8217;un camion. De fa\u00e7on g\u00e9n\u00e9rale, les d\u00e9couvertes dans le domaine de la contrebande et de la criminalit\u00e9 sont rest\u00e9es au m\u00eame niveau que l&#8217;ann\u00e9e pr\u00e9c\u00e9dente.<\/p>\n<p>La diminution du nombre de documents falsifi\u00e9s est probablement due en premier lieu aux restrictions d&#8217;entr\u00e9e extraordinaires. Le nombre de passeports falsifi\u00e9s mis en s\u00fbret\u00e9 est tomb\u00e9 \u00e0 142, soit environ la moiti\u00e9 du nombre de l&#8217;ann\u00e9e pr\u00e9c\u00e9dente (2019: 292). Le nombre de m\u00e9dicaments et produits dopants d\u00e9couverts a \u00e9galement diminu\u00e9, avec 7486\u00a0envois saisis (2019: 9012).<\/p>\n<h2>Recettes de 22 milliards de francs<\/h2>\n<p>Par rapport \u00e0 l&#8217;ann\u00e9e pr\u00e9c\u00e9dente, les recettes globales de l&#8217;AFD ont l\u00e9g\u00e8rement diminu\u00e9 en\u00a02020, passant de 23,0\u00a0milliards de francs \u00e0 21,8\u00a0milliards de francs. La majeure partie de la baisse est due \u00e0 la diminution des recettes de la taxe sur la valeur ajout\u00e9e, car moins de marchandises ont \u00e9t\u00e9 import\u00e9es durant cette ann\u00e9e particuli\u00e8re. Les recettes de l&#8217;AFD proviennent principalement de la taxe sur la valeur ajout\u00e9e, de l&#8217;imp\u00f4t sur les huiles min\u00e9rales, de l&#8217;imp\u00f4t sur le tabac, de la redevance sur le trafic des poids lourds et des droits de douane \u00e0 l&#8217;importation. Avec quelque 10 milliards de francs, la taxe sur la valeur ajout\u00e9e repr\u00e9sente quasiment la moiti\u00e9 des recettes de l&#8217;AFD en 2020, comme l&#8217;ann\u00e9e pr\u00e9c\u00e9dente.<\/p>\n<h2>Dispositions \u00e0 la fronti\u00e8re exceptionnelles<\/h2>\n<p>Le 16 mars 2020, le Conseil f\u00e9d\u00e9ral a d\u00e9cr\u00e9t\u00e9 la \u00absituation extraordinaire\u00bb conform\u00e9ment \u00e0 la loi sur les \u00e9pid\u00e9mies. En cons\u00e9quence, des contr\u00f4les syst\u00e9matiques aux fronti\u00e8res nationales ont \u00e9t\u00e9 introduits, 130\u00a0passages fronti\u00e8res ont \u00e9t\u00e9 ferm\u00e9s et le trafic frontalier a \u00e9t\u00e9 canalis\u00e9 vers des postes fronti\u00e8res plus importants. Afin que les personnes travaillant dans le secteur de la sant\u00e9 ou dans des professions d&#8217;importance syst\u00e9mique comparables puissent traverser la fronti\u00e8re rapidement, des \u00abvoies vertes\u00bb avec des voies r\u00e9serv\u00e9es \u00e0 cet effet ont \u00e9t\u00e9 mises en place pour la premi\u00e8re fois. Pour garantir la capacit\u00e9 de r\u00e9sistance dans le cadre des dispositions \u00e0 la fronti\u00e8re modifi\u00e9es, l&#8217;arm\u00e9e a appuy\u00e9 l&#8217;AFD au moyen de 50\u00a0membres de la police militaire et au total 1800\u00a0militaires de milice. Leur engagement a servi en particulier dans le domaine des mesures de canalisation et \u00e0 la fronti\u00e8re verte. Divers cantons ont en outre d\u00e9tach\u00e9 temporairement des agents de police pour renforcer les contr\u00f4les \u00e0 la fronti\u00e8re. Par moments, le trafic transfrontalier des personnes a diminu\u00e9 jusqu&#8217;\u00e0 80\u00a0% dans toute la Suisse. Apr\u00e8s que la Suisse a lev\u00e9 les contr\u00f4les syst\u00e9matiques aux fronti\u00e8res nationales le 15\u00a0juin 2020, le trafic a de nouveau augment\u00e9 rapidement.<\/p>\n<h2>COVID-19: acc\u00e9l\u00e9ration de la transformation<\/h2>\n<p>La pand\u00e9mie a \u00e9galement acc\u00e9l\u00e9r\u00e9 la transformation en cours de l&#8217;AFD en Office f\u00e9d\u00e9ral de la douane et de la s\u00e9curit\u00e9 des fronti\u00e8res (OFDF). La nouvelle structure organisationnelle, avec six nouveaux domaines de direction et des structures harmonis\u00e9es aux niveaux r\u00e9gional et local, a d\u00e9j\u00e0 fait ses preuves pour la premi\u00e8re fois dans la gestion de la pand\u00e9mie en augmentant consid\u00e9rablement la flexibilit\u00e9 op\u00e9rationnelle. Les applications num\u00e9riques nouvellement d\u00e9velopp\u00e9es, telles que le raccordement de la Suisse au service de t\u00e9l\u00e9p\u00e9age compatible \u00e0 l&#8217;\u00e9chelle europ\u00e9enne (SET), ont \u00e9galement contribu\u00e9 \u00e0 r\u00e9duire davantage les contacts physiques et la dur\u00e9e du passage \u00e0 la fronti\u00e8re.<\/p>\n<p>\u00c0 la fin de l&#8217;automne, la campagne de recrutement pour le nouveau profil professionnel de sp\u00e9cialiste en douane et s\u00e9curit\u00e9 des fronti\u00e8res a \u00e9t\u00e9 lanc\u00e9e avec succ\u00e8s, franchissant ainsi une nouvelle \u00e9tape vers l&#8217;OFDF. Cette formation permettra aux futurs collaboratrices et collaborateurs de l&#8217;AFD d&#8217;effectuer des contr\u00f4les de marchandises, de personnes et de moyens de transport. La nouvelle formation d\u00e9butera en ao\u00fbt 2021.<\/p>\n<\/div>\n","protected":false},"excerpt":{"rendered":"<p>Par rapport \u00e0 l&#8217;ann\u00e9e pr\u00e9c\u00e9dente, les recettes globales de l&#8217;AFD ont l\u00e9g\u00e8rement diminu\u00e9 en\u00a02020, passant de 23,0\u00a0milliards de francs \u00e0 21,8\u00a0milliards de francs. La majeure partie de la baisse est due \u00e0 la diminution des recettes de la taxe sur la valeur ajout\u00e9e, car moins de marchandises ont \u00e9t\u00e9 import\u00e9es durant cette ann\u00e9e particuli\u00e8re<\/p>\n","protected":false},"author":4,"featured_media":298716,"comment_status":"open","ping_status":"open","sticky":false,"template":"","format":"standard","meta":{"footnotes":""},"categories":[1171,1170],"tags":[],"vendi":[],"content_country":[],"class_list":["post-450300","post","type-post","status-publish","format-standard","has-post-thumbnail","hentry","category-thematique","category-vivre-en-suisse"],"acf":[],"_links":{"self":[{"href":"https:\/\/www.albinfo.at\/fr\/wp-json\/wp\/v2\/posts\/450300","targetHints":{"allow":["GET"]}}],"collection":[{"href":"https:\/\/www.albinfo.at\/fr\/wp-json\/wp\/v2\/posts"}],"about":[{"href":"https:\/\/www.albinfo.at\/fr\/wp-json\/wp\/v2\/types\/post"}],"author":[{"embeddable":true,"href":"https:\/\/www.albinfo.at\/fr\/wp-json\/wp\/v2\/users\/4"}],"replies":[{"embeddable":true,"href":"https:\/\/www.albinfo.at\/fr\/wp-json\/wp\/v2\/comments?post=450300"}],"version-history":[{"count":0,"href":"https:\/\/www.albinfo.at\/fr\/wp-json\/wp\/v2\/posts\/450300\/revisions"}],"wp:featuredmedia":[{"embeddable":true,"href":"https:\/\/www.albinfo.at\/fr\/wp-json\/wp\/v2\/media\/298716"}],"wp:attachment":[{"href":"https:\/\/www.albinfo.at\/fr\/wp-json\/wp\/v2\/media?parent=450300"}],"wp:term":[{"taxonomy":"category","embeddable":true,"href":"https:\/\/www.albinfo.at\/fr\/wp-json\/wp\/v2\/categories?post=450300"},{"taxonomy":"post_tag","embeddable":true,"href":"https:\/\/www.albinfo.at\/fr\/wp-json\/wp\/v2\/tags?post=450300"},{"taxonomy":"vendi","embeddable":true,"href":"https:\/\/www.albinfo.at\/fr\/wp-json\/wp\/v2\/vendi?post=450300"},{"taxonomy":"content_country","embeddable":true,"href":"https:\/\/www.albinfo.at\/fr\/wp-json\/wp\/v2\/content_country?post=450300"}],"curies":[{"name":"wp","href":"https:\/\/api.w.org\/{rel}","templated":true}]}}