{"id":450119,"date":"2021-03-04T16:15:48","date_gmt":"2021-03-04T15:15:48","guid":{"rendered":"https:\/\/www.albinfo.ch\/?p=450119"},"modified":"2021-03-04T15:51:37","modified_gmt":"2021-03-04T14:51:37","slug":"resoudre-les-problemes","status":"publish","type":"post","link":"https:\/\/www.albinfo.at\/fr\/resoudre-les-problemes\/","title":{"rendered":"R\u00e9soudre les probl\u00e8mes"},"content":{"rendered":"<div class=\"contentHead\"><\/div>\n<div class=\"mod mod-nsbnewsdetails\">\n<p>La Suisse accepte le pluralisme religieux qui s&#8217;est diversifi\u00e9 avec la migration. Les droits fondamentaux &#8211; par exemple l&#8217;\u00e9galit\u00e9 devant la loi, l&#8217;interdiction de la discrimination, la libert\u00e9 de conscience et de croyance ou la libert\u00e9 d&#8217;expression &#8211; concr\u00e9tisent les libert\u00e9s de tout un chacun. Dans le m\u00eame temps, ils obligent l&#8217;\u00c9tat \u00e0 d\u00e9velopper des mesures pour prot\u00e9ger ces libert\u00e9s.<\/p>\n<p>Les auteurs de l&#8217;initiative disent vouloir encourager l&#8217;\u00e9galit\u00e9 des femmes et lutter contre les tendances \u00e0 la radicalisation. En revanche, les opposants parlent d&#8217;un faux probl\u00e8me, car seule une poign\u00e9e de femmes est voil\u00e9e &#8211; \u00e0 savoir principalement certaines converties et certaines touristes. Ils estiment que le fait d&#8217;interdire certains v\u00eatements n&#8217;est pas compatible avec un syst\u00e8me de valeurs lib\u00e9ral.<\/p>\n<p>Quel que soit le r\u00e9sultat de la votation, il ne r\u00e9soudra aucun des probl\u00e8mes r\u00e9els, \u00e0 savoir lutter efficacement contre l&#8217;id\u00e9ologie islamiste radicale, tout en pratiquant la tol\u00e9rance religieuse et en acceptant sans discrimination la grande majorit\u00e9 des musulmans qui n&#8217;a rien \u00e0 voir avec le fondamentalisme politique m\u00e9prisant la vie humaine.<\/p>\n<p>Il y a une id\u00e9ologie fondamentaliste politique et religieuse de l&#8217;islamisme qui n&#8217;est pas compatible avec les valeurs de la soci\u00e9t\u00e9 lib\u00e9rale. Dans cette id\u00e9ologie, les femmes ne sont jamais consid\u00e9r\u00e9es comme des \u00e9gales. Cette id\u00e9ologie doit \u00eatre combattue par des mesures efficaces.<\/p>\n<p>Dans le m\u00eame temps, il faut accepter sans r\u00e9serve l&#8217;islam en tant que religion qui, sous ses nombreuses formes, fait partie depuis longtemps de la soci\u00e9t\u00e9 suisse et du pays. L&#8217;islam qui est v\u00e9cu ici n&#8217;a, dans une tr\u00e8s large mesure, absolument rien \u00e0 voir avec les dogmes fondamentalistes. Il faut accepter l&#8217;islam comme toutes les autres religions v\u00e9cues ici, respecter les musulmans et les traiter comme toutes les autres personnes dans le pays. L&#8217;acceptation exempte de discriminations et la lutte contre les id\u00e9ologies fondamentalistes sont des \u00e9l\u00e9ments essentiels d&#8217;une soci\u00e9t\u00e9 libre.<\/p>\n<\/div>\n","protected":false},"excerpt":{"rendered":"<p>Le 7 mars 2021, l\u2019initiative populaire \u00ab Oui \u00e0 l\u2019interdiction de se dissimuler le visage \u00bb sera soumise au vote. Quelle qu\u2019en soit l\u2019issue, elle ne r\u00e9soudra pas le probl\u00e8me de fond, \u00e0 savoir la lutte efficace contre les id\u00e9ologies fondamentalistes radicales, tout en assurant la tol\u00e9rance religieuse et en reconnaissant que la grande majorit\u00e9 des musulmans n&#8217;a rien \u00e0 voir avec le fondamentalisme politique qui m\u00e9prise la vie humaine<\/p>\n","protected":false},"author":4,"featured_media":218818,"comment_status":"open","ping_status":"open","sticky":false,"template":"","format":"standard","meta":{"footnotes":""},"categories":[1171,1170],"tags":[],"vendi":[],"content_country":[],"class_list":["post-450119","post","type-post","status-publish","format-standard","has-post-thumbnail","hentry","category-thematique","category-vivre-en-suisse"],"acf":[],"_links":{"self":[{"href":"https:\/\/www.albinfo.at\/fr\/wp-json\/wp\/v2\/posts\/450119","targetHints":{"allow":["GET"]}}],"collection":[{"href":"https:\/\/www.albinfo.at\/fr\/wp-json\/wp\/v2\/posts"}],"about":[{"href":"https:\/\/www.albinfo.at\/fr\/wp-json\/wp\/v2\/types\/post"}],"author":[{"embeddable":true,"href":"https:\/\/www.albinfo.at\/fr\/wp-json\/wp\/v2\/users\/4"}],"replies":[{"embeddable":true,"href":"https:\/\/www.albinfo.at\/fr\/wp-json\/wp\/v2\/comments?post=450119"}],"version-history":[{"count":0,"href":"https:\/\/www.albinfo.at\/fr\/wp-json\/wp\/v2\/posts\/450119\/revisions"}],"wp:featuredmedia":[{"embeddable":true,"href":"https:\/\/www.albinfo.at\/fr\/wp-json\/wp\/v2\/media\/218818"}],"wp:attachment":[{"href":"https:\/\/www.albinfo.at\/fr\/wp-json\/wp\/v2\/media?parent=450119"}],"wp:term":[{"taxonomy":"category","embeddable":true,"href":"https:\/\/www.albinfo.at\/fr\/wp-json\/wp\/v2\/categories?post=450119"},{"taxonomy":"post_tag","embeddable":true,"href":"https:\/\/www.albinfo.at\/fr\/wp-json\/wp\/v2\/tags?post=450119"},{"taxonomy":"vendi","embeddable":true,"href":"https:\/\/www.albinfo.at\/fr\/wp-json\/wp\/v2\/vendi?post=450119"},{"taxonomy":"content_country","embeddable":true,"href":"https:\/\/www.albinfo.at\/fr\/wp-json\/wp\/v2\/content_country?post=450119"}],"curies":[{"name":"wp","href":"https:\/\/api.w.org\/{rel}","templated":true}]}}