{"id":450114,"date":"2021-03-04T15:46:35","date_gmt":"2021-03-04T14:46:35","guid":{"rendered":"https:\/\/www.albinfo.ch\/?p=450114"},"modified":"2021-03-04T15:46:35","modified_gmt":"2021-03-04T14:46:35","slug":"hommage-aux-victimes-de-la-pandemie","status":"publish","type":"post","link":"https:\/\/www.albinfo.at\/fr\/hommage-aux-victimes-de-la-pandemie\/","title":{"rendered":"Hommage aux victimes de la pand\u00e9mie"},"content":{"rendered":"<div class=\"contentHead\"><\/div>\n<div class=\"mod mod-nsbnewsdetails\">\n<p><strong>Le 5 mars 2020, la premi\u00e8re personne d\u00e9c\u00e9dait des suites du COVID-19 en Suisse. Depuis, la pand\u00e9mie a fait de nombreuses victimes. Le pr\u00e9sident de la Conf\u00e9d\u00e9ration Guy Parmelin invite la population \u00e0 leur rendre hommage vendredi prochain, date anniversaire du premier d\u00e9c\u00e8s, en observant une minute de silence. Les cloches des \u00e9glises retentiront ensuite dans tout le pays.<\/strong><\/p>\n<p>Depuis une ann\u00e9e, la pand\u00e9mie chamboule le monde. La Suisse a elle aussi pay\u00e9 un lourd tribut\u00a0: plus de 9\u00a0000\u00a0personnes sont mortes des suites du COVID-19. De nombreux malades souffrent de s\u00e9quelles \u00e0 long terme. Des milliers de personnes ont perdu leur emploi et n\u2019ont, pour certaines, plus d\u2019espoir.<\/p>\n<p>En m\u00e9moire des victimes du COVID-19, mais aussi en signe de reconnaissance \u00e0 toutes celles et tous ceux qui ont fait des sacrifices personnels dans la lutte contre la pand\u00e9mie, le pr\u00e9sident de la Conf\u00e9d\u00e9ration Guy Parmelin invite les habitants de la Suisse \u00e0 un moment de r\u00e9flexion vendredi\u00a05\u00a0mars\u00a02021 par l\u2019observation d\u2019une minute de silence \u00e0 11\u00a0h\u00a059. Les trois \u00c9glises nationales feront ensuite sonner leurs cloches \u00e0 midi pour rendre un hommage commun aux victimes.<\/p>\n<p>Moment de deuil, la minute de silence permettra \u00e9galement de nous arr\u00eater sur la solidarit\u00e9, l\u2019amiti\u00e9 et les marques de r\u00e9confort re\u00e7ues. C\u2019est gr\u00e2ce \u00e0 elles que nous pourrons aller de l\u2019avant et regarder vers l\u2019avenir. Et c\u2019est seulement ainsi que nous pourrons surmonter la crise actuelle.<\/p>\n<\/div>\n","protected":false},"excerpt":{"rendered":"<p>Les trois \u00c9glises nationales feront ensuite sonner leurs cloches \u00e0 midi pour rendre un hommage commun aux victimes<\/p>\n","protected":false},"author":4,"featured_media":415495,"comment_status":"open","ping_status":"open","sticky":false,"template":"","format":"standard","meta":{"footnotes":""},"categories":[1171,1170],"tags":[],"vendi":[],"content_country":[],"class_list":["post-450114","post","type-post","status-publish","format-standard","has-post-thumbnail","hentry","category-thematique","category-vivre-en-suisse"],"acf":[],"_links":{"self":[{"href":"https:\/\/www.albinfo.at\/fr\/wp-json\/wp\/v2\/posts\/450114","targetHints":{"allow":["GET"]}}],"collection":[{"href":"https:\/\/www.albinfo.at\/fr\/wp-json\/wp\/v2\/posts"}],"about":[{"href":"https:\/\/www.albinfo.at\/fr\/wp-json\/wp\/v2\/types\/post"}],"author":[{"embeddable":true,"href":"https:\/\/www.albinfo.at\/fr\/wp-json\/wp\/v2\/users\/4"}],"replies":[{"embeddable":true,"href":"https:\/\/www.albinfo.at\/fr\/wp-json\/wp\/v2\/comments?post=450114"}],"version-history":[{"count":0,"href":"https:\/\/www.albinfo.at\/fr\/wp-json\/wp\/v2\/posts\/450114\/revisions"}],"wp:featuredmedia":[{"embeddable":true,"href":"https:\/\/www.albinfo.at\/fr\/wp-json\/wp\/v2\/media\/415495"}],"wp:attachment":[{"href":"https:\/\/www.albinfo.at\/fr\/wp-json\/wp\/v2\/media?parent=450114"}],"wp:term":[{"taxonomy":"category","embeddable":true,"href":"https:\/\/www.albinfo.at\/fr\/wp-json\/wp\/v2\/categories?post=450114"},{"taxonomy":"post_tag","embeddable":true,"href":"https:\/\/www.albinfo.at\/fr\/wp-json\/wp\/v2\/tags?post=450114"},{"taxonomy":"vendi","embeddable":true,"href":"https:\/\/www.albinfo.at\/fr\/wp-json\/wp\/v2\/vendi?post=450114"},{"taxonomy":"content_country","embeddable":true,"href":"https:\/\/www.albinfo.at\/fr\/wp-json\/wp\/v2\/content_country?post=450114"}],"curies":[{"name":"wp","href":"https:\/\/api.w.org\/{rel}","templated":true}]}}