{"id":447771,"date":"2021-02-22T23:15:57","date_gmt":"2021-02-22T22:15:57","guid":{"rendered":"https:\/\/www.albinfo.ch\/?p=447771"},"modified":"2021-02-22T23:15:57","modified_gmt":"2021-02-22T22:15:57","slug":"communique-cfr-votation-7-mars-2021","status":"publish","type":"post","link":"https:\/\/www.albinfo.at\/fr\/communique-cfr-votation-7-mars-2021\/","title":{"rendered":"Communiqu\u00e9 CFR \u2013 Votation 7 mars 2021"},"content":{"rendered":"<div class=\"contentHead\"><\/div>\n<div class=\"mod mod-nsbnewsdetails\">\n<p>Malgr\u00e9 son titre g\u00e9n\u00e9ral, elle cible les femmes qui arborent un signe religieux. Les auteurs de l\u2019initiative n\u2019ont d\u2019ailleurs jamais cach\u00e9 leurs intentions ; le d\u00e9bat public se focalise sur le port de la burqa et entretient une atmosph\u00e8re de m\u00e9fiance et de rejet \u00e0 l\u2019\u00e9gard d\u2019une communaut\u00e9 religieuse.<\/p>\n<p>La Constitution f\u00e9d\u00e9rale est tr\u00e8s claire en ce qui concerne les droits fondamentaux et l\u2019interdiction de discriminer\u00a0:<\/p>\n<p>\u00ab Nul ne doit subir de discrimination du fait notamment de son origine, de sa race, de son sexe, de son \u00e2ge, de sa langue, de sa situation sociale, de son mode de vie, de ses convictions religieuses, philosophiques ou politiques ni du fait d\u2019une d\u00e9ficience corporelle, mentale ou psychique. \u00bb<\/p>\n<p>On ne peut \u00e9dicter de dispositions l\u00e9gales, r\u00e9glementaires, ou autres directives pour des raisons symboliques ou pour faire un exemple. Le respect des droits fondamentaux doit toujours primer sur la tentation de l\u00e9gif\u00e9rer sur la base de cas ou d\u2019\u00e9v\u00e9nements particuliers. On ne peut pas non plus \u00e9dicter de dispositions inspir\u00e9es par des sentiments ou des penchants subjectifs, des simples craintes ou encore une antipathie \u00e0 l\u2019\u00e9gard d\u2019une conviction religieuse.<\/p>\n<p>Les tenues vestimentaires li\u00e9es \u00e0 une religion peuvent \u00eatre critiquables en raison de la symbolique qu\u2019on y voit, notamment pour ce qui concerne l\u2019\u00e9galit\u00e9 entre hommes et femmes que garantissent la Constitution f\u00e9d\u00e9rale et la l\u00e9gislation fond\u00e9e sur cette constitution. Cet aspect est au c\u0153ur du d\u00e9bat public en Suisse comme dans d\u2019autres pays. Il faut toutefois garder \u00e0 l\u2019esprit que le port d\u2019un signe religieux et les tenues vestimentaires li\u00e9es \u00e0 une religion peuvent \u00eatre motiv\u00e9s par diff\u00e9rentes raisons et relever de la libre d\u00e9cision de chacun. Ne l\u2019envisager que sous l\u2019angle de la contrainte peut encourager le d\u00e9veloppement de st\u00e9r\u00e9otypes n\u00e9gatifs \u00e0 l\u2019\u00e9gard de la religion concern\u00e9e. Il faut \u00e9galement tenir compte du fait que les interdictions peuvent s\u2019av\u00e9rer contreproductives. L\u2019application de l\u2019initiative conduirait \u00e0 \u00e9carter des femmes de la vie publique en les mettant devant le dilemme de renoncer \u00e0 leurs convictions religieuses ou de vivre avec la crainte d\u2019\u00eatre sanctionn\u00e9es par les autorit\u00e9s.<\/p>\n<p>Cela a \u00e9t\u00e9 relev\u00e9 \u00e0 maintes reprises, l\u2019initiative \u00ab Oui \u00e0 l\u2019interdiction de se dissimuler le visage \u00bb cr\u00e9e plus de probl\u00e8mes qu\u2019elle n\u2019en r\u00e9sout; ce faisant, elle viole l\u2019interdiction de la discrimination dont chacune et chacun doit b\u00e9n\u00e9ficier par rapport \u00e0 ses convictions religieuses. De plus, elle va aussi \u00e0 l\u2019encontre de la libert\u00e9 de conscience et de croyance garantie \u00e0 chacun par l\u2019article 15 de la Constitution f\u00e9d\u00e9rale.<\/p>\n<p>Pour toutes ces raisons, la CFR recommande le rejet de cette initiative qui porte atteinte aux droits fondamentaux.<\/p>\n<\/div>\n","protected":false},"excerpt":{"rendered":"<p>Le 7 mars prochain, les citoyens devront se prononcer sur l\u2019initiative \u00ab Oui \u00e0 l\u2019interdiction de se dissimuler le visage \u00bb. La Commission f\u00e9d\u00e9rale contre le racisme (CFR) prend position contre cette initiative qui a pour principal objectif de stigmatiser une religion, l\u2019islam en l\u2019occurrence.<\/p>\n","protected":false},"author":4,"featured_media":218818,"comment_status":"open","ping_status":"open","sticky":false,"template":"","format":"standard","meta":{"footnotes":""},"categories":[1171,1170],"tags":[],"vendi":[],"content_country":[],"class_list":["post-447771","post","type-post","status-publish","format-standard","has-post-thumbnail","hentry","category-thematique","category-vivre-en-suisse"],"acf":[],"_links":{"self":[{"href":"https:\/\/www.albinfo.at\/fr\/wp-json\/wp\/v2\/posts\/447771","targetHints":{"allow":["GET"]}}],"collection":[{"href":"https:\/\/www.albinfo.at\/fr\/wp-json\/wp\/v2\/posts"}],"about":[{"href":"https:\/\/www.albinfo.at\/fr\/wp-json\/wp\/v2\/types\/post"}],"author":[{"embeddable":true,"href":"https:\/\/www.albinfo.at\/fr\/wp-json\/wp\/v2\/users\/4"}],"replies":[{"embeddable":true,"href":"https:\/\/www.albinfo.at\/fr\/wp-json\/wp\/v2\/comments?post=447771"}],"version-history":[{"count":0,"href":"https:\/\/www.albinfo.at\/fr\/wp-json\/wp\/v2\/posts\/447771\/revisions"}],"wp:featuredmedia":[{"embeddable":true,"href":"https:\/\/www.albinfo.at\/fr\/wp-json\/wp\/v2\/media\/218818"}],"wp:attachment":[{"href":"https:\/\/www.albinfo.at\/fr\/wp-json\/wp\/v2\/media?parent=447771"}],"wp:term":[{"taxonomy":"category","embeddable":true,"href":"https:\/\/www.albinfo.at\/fr\/wp-json\/wp\/v2\/categories?post=447771"},{"taxonomy":"post_tag","embeddable":true,"href":"https:\/\/www.albinfo.at\/fr\/wp-json\/wp\/v2\/tags?post=447771"},{"taxonomy":"vendi","embeddable":true,"href":"https:\/\/www.albinfo.at\/fr\/wp-json\/wp\/v2\/vendi?post=447771"},{"taxonomy":"content_country","embeddable":true,"href":"https:\/\/www.albinfo.at\/fr\/wp-json\/wp\/v2\/content_country?post=447771"}],"curies":[{"name":"wp","href":"https:\/\/api.w.org\/{rel}","templated":true}]}}