{"id":446666,"date":"2021-02-18T17:03:21","date_gmt":"2021-02-18T16:03:21","guid":{"rendered":"https:\/\/www.albinfo.ch\/?p=446666"},"modified":"2021-02-18T17:03:21","modified_gmt":"2021-02-18T16:03:21","slug":"coronavirus-le-conseil-federal-prevoit-un-premier-assouplissement-prudent-a-partir-du-1er-mars","status":"publish","type":"post","link":"https:\/\/www.albinfo.at\/fr\/coronavirus-le-conseil-federal-prevoit-un-premier-assouplissement-prudent-a-partir-du-1er-mars\/","title":{"rendered":"Coronavirus : le Conseil f\u00e9d\u00e9ral pr\u00e9voit un premier assouplissement prudent \u00e0 partir du 1er mars"},"content":{"rendered":"<div class=\"contentHead\"><\/div>\n<div class=\"mod mod-nsbnewsdetails\">\n<p><strong>Le nombre d\u2019infections a poursuivi sa baisse ces derni\u00e8res semaines. La situation \u00e9pid\u00e9miologique reste toutefois fragile en raison des nouvelles souches, plus contagieuses, du virus. Lors de sa s\u00e9ance du 17 f\u00e9vrier 2021, le Conseil f\u00e9d\u00e9ral a analys\u00e9 la situation. Il propose un assouplissement prudent et progressif, afin de redonner davantage de place \u00e0 la vie \u00e9conomique et sociale tout en \u00e9vitant au maximum une troisi\u00e8me vague \u00e9pid\u00e9mique. Dans une premi\u00e8re \u00e9tape, il s\u2019agit de n\u2019autoriser que les activit\u00e9s pr\u00e9sentant un risque limit\u00e9 de contamination. Les commerces, les mus\u00e9es et les salles de lecture des biblioth\u00e8ques doivent ainsi pouvoir rouvrir d\u00e8s le 1er mars, de m\u00eame que les espaces ext\u00e9rieurs des zoos et des jardins botaniques ainsi que les installations de sport et de loisirs. Les manifestations priv\u00e9es de 15 personnes au maximum doivent \u00e0 nouveau \u00eatre possibles \u00e0 l\u2019ext\u00e9rieur. Les jeunes jusqu\u2019\u00e0 18 ans doivent de nouveau avoir acc\u00e8s \u00e0 la plupart des activit\u00e9s sportives et culturelles. Le Conseil f\u00e9d\u00e9ral se prononcera d\u00e9finitivement sur ces assouplissements le 24 f\u00e9vrier, apr\u00e8s avoir consult\u00e9 les cantons.<\/strong><\/p>\n<p>Le nombre de contaminations, d&#8217;hospitalisations et de d\u00e9c\u00e8s a continu\u00e9 \u00e0 baisser ces derni\u00e8res semaines, et la pression sur le syst\u00e8me de sant\u00e9 s&#8217;est rel\u00e2ch\u00e9e. La situation \u00e9pid\u00e9miologique reste toutefois incertaine, car les nouvelles souches du virus continuent \u00e0 se propager dans notre pays\u00a0; leur part dans les nouvelles infections double actuellement tous les 10 \u00e0 14 jours environ, selon la\u00a0<i>COVID-19 Science Task Force<\/i>. Cette<br \/>\nderni\u00e8re pr\u00e9voit un ralentissement de la baisse du nombre de cas ces prochaines semaines, voire une nouvelle hausse. Le nombre de personnes vaccin\u00e9es en Suisse est encore trop faible pour avoir une influence sur la situation \u00e9pid\u00e9miologique.<\/p>\n<p><strong>Assouplissements\u00a0: une strat\u00e9gie progressive ax\u00e9e sur les risques<br \/>\n<\/strong>Le Conseil f\u00e9d\u00e9ral propose d&#8217;assouplir prudemment et par \u00e9tapes les mesures de lutte contre le coronavirus \u00e0 partir du 1er mars 2021, en commen\u00e7ant par r\u00e9autoriser les activit\u00e9s pr\u00e9sentant un faible risque de contamination. Ensuite, si la situation \u00e9volue favorablement et que la couverture vaccinale augmente, d&#8217;autres activit\u00e9s seront \u00e0 nouveau possibles. D&#8217;autres assouplissements suivront tous les mois, si la situation \u00e9pid\u00e9miologique le permet, ce qui laissera suffisamment de temps pour observer l&#8217;\u00e9volution de la situation dans l&#8217;intervalle.<\/p>\n<p>Avec cette strat\u00e9gie prudente, le Conseil f\u00e9d\u00e9ral entend permettre une normalisation progressive de la vie \u00e9conomique et sociale tout en \u00e9vitant au maximum une troisi\u00e8me vague.<\/p>\n<p><strong>Evaluation des risques<br \/>\n<\/strong>Les assouplissements doivent concerner tout le pays et reposer sur des principes simples. Dans un premier temps, la priorit\u00e9 sera donn\u00e9e aux activit\u00e9s qui permettent le port du masque et le respect des distances. D&#8217;autres aspects sp\u00e9cifiques seront aussi pris en compte, comme le nombre de personnes concern\u00e9es, si l&#8217;activit\u00e9 se d\u00e9roule \u00e0 l&#8217;ext\u00e9rieur ou si elle induit de nombreux d\u00e9placements. Enfin, le Conseil f\u00e9d\u00e9ral tiendra aussi compte de l&#8217;impact social et \u00e9conomique des mesures, notamment sur les jeunes.<\/p>\n<p><strong>Premi\u00e8re \u00e9tape\u00a0: r\u00e9ouverture des commerces, des mus\u00e9es et des zoos<br \/>\n<\/strong>Pour commencer, tous les commerces doivent pouvoir rouvrir leurs portes \u00e0 partir du 1er\u00a0mars. Le nombre de clients doit \u00eatre limit\u00e9, dans les diff\u00e9rents magasins comme dans les centres commerciaux.<\/p>\n<p>Les mus\u00e9es et les salles de lecture des archives et des biblioth\u00e8ques doivent \u00e9galement pouvoir rouvrir, de m\u00eame que les installations de loisirs et de divertissement en ext\u00e9rieur, \u00e0 savoir les zoos, les jardins botaniques et les parcs d&#8217;attractions. Le port du masque et le respect des distances doivent \u00eatre garantis dans tous ces endroits, et les capacit\u00e9s limit\u00e9es. Les installations sportives, comme les patinoires, les terrains de tennis et de football ainsi que les stades d&#8217;athl\u00e9tisme doivent eux aussi pouvoir rouvrir. A noter que le port du masque et le respect des distances sont \u00e9galement valables dans ces lieux et que seuls les groupes de cinq personnes maximum sont autoris\u00e9s. Dans le sport adulte de masse, les comp\u00e9titions et les manifestations restent interdites.<\/p>\n<p>Quant aux manifestations priv\u00e9es \u00e0 l&#8217;ext\u00e9rieur, elles sont \u00e0 nouveau possibles, mais ne peuvent r\u00e9unir que 15 personnes au maximum.<b><i><\/i><\/b><\/p>\n<p><strong>Plus de possibilit\u00e9s pour les jeunes<br \/>\n<\/strong>Les restrictions li\u00e9es au coronavirus impactent particuli\u00e8rement les enfants et les jeunes. La souffrance psychique a ainsi fortement augment\u00e9 dans cette classe d&#8217;\u00e2ge. A l&#8217;heure actuelle, les enfants et les jeunes jusqu&#8217;\u00e0 16\u00a0ans sont d\u00e9j\u00e0 moins entrav\u00e9s dans leurs activit\u00e9s sportives et culturelles. Le Conseil f\u00e9d\u00e9ral souhaite d\u00e9sormais augmenter la limite d&#8217;\u00e2ge \u00e0 18\u00a0ans et \u00e9largir les activit\u00e9s autoris\u00e9es. L&#8217;animation enfance et jeunesse en milieu ouvert doit par ailleurs \u00eatre \u00e0 nouveau accessible.<\/p>\n<p><strong>Deuxi\u00e8me \u00e9tape avant P\u00e2ques<br \/>\n<\/strong>La deuxi\u00e8me \u00e9tape des assouplissements est pr\u00e9vue le 1er\u00a0avril et pourrait par exemple concerner les manifestations culturelles et sportives<br \/>\naccueillant du public (dans un cadre tr\u00e8s restreint), de m\u00eame que les activit\u00e9s sportives \u00e0 l&#8217;int\u00e9rieur et les terrasses des restaurants. Ces assouplissements sont conditionn\u00e9s \u00e0 une \u00e9volution favorable de la situation \u00e9pid\u00e9miologique, que le Conseil f\u00e9d\u00e9ral mesurera gr\u00e2ce aux<br \/>\nindicateurs suivants\u00a0: le taux de positivit\u00e9 doit \u00eatre inf\u00e9rieur \u00e0 5%, l&#8217;occupation des lits aux soins intensifs par des patients COVID-19 doit \u00eatre<br \/>\ninf\u00e9rieure \u00e0 25%, le taux de reproduction moyen des sept derniers jours doit \u00eatre inf\u00e9rieur \u00e0 1 et l&#8217;incidence sur deux semaines le 24 mars ne doit pas d\u00e9passer celle observ\u00e9e au 1er mars lors du d\u00e9but des assouplissements. A noter qu&#8217;aucun automatisme n&#8217;est pr\u00e9vu\u00a0: le Conseil f\u00e9d\u00e9ral prendra sa d\u00e9cision en combinant ces diff\u00e9rents param\u00e8tres.<\/p>\n<p><strong>Consultation des cantons<br \/>\n<\/strong>Le Conseil f\u00e9d\u00e9ral d\u00e9cidera des premiers assouplissements et des prochaines \u00e9tapes lors de sa s\u00e9ance du 24 f\u00e9vrier, apr\u00e8s consultation des cantons. Toutes les autres mesures qu&#8217;il a prises les 18 d\u00e9cembre 2020 et 13 janvier 2021 doivent \u00eatre prolong\u00e9es d&#8217;un mois, jusqu&#8217;\u00e0 la fin mars.<\/p>\n<p><strong>Entr\u00e9e des enfants sur le territoire\u00a0: r\u00e8gles pr\u00e9cis\u00e9es<br \/>\n<\/strong>Le Conseil f\u00e9d\u00e9ral a par ailleurs pr\u00e9cis\u00e9 les dispositions relatives \u00e0 l&#8217;entr\u00e9e sur le territoire qui sont entr\u00e9es en vigueur le 8 f\u00e9vrier 2021 et<br \/>\nadapt\u00e9 l&#8217;ordonnance correspondante. L&#8217;obligation de d\u00e9pistage lors de l&#8217;entr\u00e9e en Suisse ne concerne pas les enfants de moins de 12\u00a0ans. Pour leur part, les personnes ne s\u00e9journant que bri\u00e8vement en Suisse pour des raisons professionnelles, par exemple les conducteurs de poids lourds, ne doivent pas remplir de formulaire d&#8217;entr\u00e9e. Enfin, les tests rapides antig\u00e9niques sont d\u00e9sormais valables, au m\u00eame titre que les tests PCR.<\/p>\n<\/div>\n","protected":false},"excerpt":{"rendered":"<p>Les commerces, les mus\u00e9es et les salles de lecture des biblioth\u00e8ques doivent ainsi pouvoir rouvrir d\u00e8s le 1er mars, de m\u00eame que les espaces ext\u00e9rieurs des zoos et des jardins botaniques ainsi que les installations de sport et de loisirs<\/p>\n","protected":false},"author":4,"featured_media":446170,"comment_status":"open","ping_status":"open","sticky":false,"template":"","format":"standard","meta":{"footnotes":""},"categories":[1171,22521,24630,1170,1481],"tags":[1671],"vendi":[],"content_country":[31835,31838],"class_list":["post-446666","post","type-post","status-publish","format-standard","has-post-thumbnail","hentry","category-thematique","category-coronavirus-minutes-par-minutes","category-nouvelles","category-vivre-en-suisse","category-uncategorized-fr","tag-zvicer-fr","content_country-austria-fr","content_country-germany-fr"],"acf":[],"_links":{"self":[{"href":"https:\/\/www.albinfo.at\/fr\/wp-json\/wp\/v2\/posts\/446666","targetHints":{"allow":["GET"]}}],"collection":[{"href":"https:\/\/www.albinfo.at\/fr\/wp-json\/wp\/v2\/posts"}],"about":[{"href":"https:\/\/www.albinfo.at\/fr\/wp-json\/wp\/v2\/types\/post"}],"author":[{"embeddable":true,"href":"https:\/\/www.albinfo.at\/fr\/wp-json\/wp\/v2\/users\/4"}],"replies":[{"embeddable":true,"href":"https:\/\/www.albinfo.at\/fr\/wp-json\/wp\/v2\/comments?post=446666"}],"version-history":[{"count":0,"href":"https:\/\/www.albinfo.at\/fr\/wp-json\/wp\/v2\/posts\/446666\/revisions"}],"wp:featuredmedia":[{"embeddable":true,"href":"https:\/\/www.albinfo.at\/fr\/wp-json\/wp\/v2\/media\/446170"}],"wp:attachment":[{"href":"https:\/\/www.albinfo.at\/fr\/wp-json\/wp\/v2\/media?parent=446666"}],"wp:term":[{"taxonomy":"category","embeddable":true,"href":"https:\/\/www.albinfo.at\/fr\/wp-json\/wp\/v2\/categories?post=446666"},{"taxonomy":"post_tag","embeddable":true,"href":"https:\/\/www.albinfo.at\/fr\/wp-json\/wp\/v2\/tags?post=446666"},{"taxonomy":"vendi","embeddable":true,"href":"https:\/\/www.albinfo.at\/fr\/wp-json\/wp\/v2\/vendi?post=446666"},{"taxonomy":"content_country","embeddable":true,"href":"https:\/\/www.albinfo.at\/fr\/wp-json\/wp\/v2\/content_country?post=446666"}],"curies":[{"name":"wp","href":"https:\/\/api.w.org\/{rel}","templated":true}]}}